{"id":18135,"date":"2015-09-21T04:00:00","date_gmt":"2015-09-21T08:00:00","guid":{"rendered":"https:\/\/sensing.konicaminolta.us\/blog\/a-coordenacao-da-cor-do-produto-em-todas-as-funcoes-de-trabalho\/"},"modified":"2024-04-11T14:28:15","modified_gmt":"2024-04-11T18:28:15","slug":"a-coordenacao-da-cor-do-produto-em-todas-as-funcoes-de-trabalho","status":"publish","type":"blog","link":"https:\/\/sensing.konicaminolta.us\/br\/blog\/a-coordenacao-da-cor-do-produto-em-todas-as-funcoes-de-trabalho\/","title":{"rendered":"A coordena&ccedil;&atilde;o da cor do produto em todas as fun&ccedil;&otilde;es de trabalho"},"content":{"rendered":"<p>Controlar a cor e a apar\u00eancia de produtos pode envolver um grande n\u00famero de indiv\u00edduos, departamentos e fornecedores. Este processo requer que a cor seja especificada, produzida e inspecionada para ser exata usando as ferramentas adequadas, incluindo sistemas de medi\u00e7\u00e3o, cabines de luz e software. Embora cada ind\u00fastria tenha opera\u00e7\u00f5es diferentes, por causa do tamanho da empresa, aplica\u00e7\u00e3o do produto, cadeia de produ\u00e7\u00e3o e outros fatores, apresentamos abaixo uma vis\u00e3o geral das fun\u00e7\u00f5es t\u00edpicas de trabalho que podem estar envolvidos neste processo. Isso inclui solu\u00e7\u00f5es para realizar cada tarefa de forma mais eficiente e a maneira pela qual a cor \u00e9 frequentemente coordenada em diversos est\u00e1gios para atender \u00e0 defini\u00e7\u00e3o do padr\u00e3o.<\/p>\n<p><strong>Designers<\/strong><\/p>\n<p>Dependendo da aplica\u00e7\u00e3o, o processo de cor muitas vezes come\u00e7a com o designer. Seu objetivo n\u00e3o \u00e9 apenas criar produtos que s\u00e3o \u00fateis ou de entretenimento, mas que tamb\u00e9m sejam visualmente atraentes para o cliente ou usu\u00e1rio final. Os designers especificam a cor e a apar\u00eancia do produto, entre outras coisas.<\/p>\n<p>Participa\u00e7\u00e3o geral no processo de cor:<\/p>\n<ul>\n<li>Determinar a viabilidade de produ\u00e7\u00e3o da cor em um determinado sistema ou substrato.<\/li>\n<li>Especificar valores de cor ou valores de amostra para o produto acabado<\/li>\n<li>Comunicar as especifica\u00e7\u00f5es de cor para os clientes, fornecedores e departamentos internos<\/li>\n<li>Gerenciar paletas de cores para marcas e produtos<\/li>\n<\/ul>\n<p>Antes de comunicar a cor selecionada para diversos setores como por exemplo a P&amp;D o designer pode usar um software avan\u00e7ado para determinar a viabilidade de produ\u00e7\u00e3o da cor. Para que a comunica\u00e7\u00e3o da cor possa ser feita de forma precisa em termos num\u00e9ricos , esta \u00e9 quantificada com a utiliza\u00e7\u00e3o de instrumentos de medi\u00e7\u00e3o de cor de alta precis\u00e3o. Isso evita erros de interpreta\u00e7\u00e3o e especifica\u00e7\u00e3o por outras pessoas e departamentos aumentando a rapidez do processo.<\/p>\n<p><strong>Pesquisa e Desenvolvimento\/Cientistas<\/strong><\/p>\n<p>Profissionais de pesquisa e desenvolvimento (P&amp;D) s\u00e3o a chave para criar a cor especificada pelo designer, cliente ou equipe interna. Seu objetivo \u00e9 formular receitas e amostras que atinjam a cor especificada de forma r\u00e1pida e eficiente.<\/p>\n<p>Participa\u00e7\u00e3o geral no processo de cor:<\/p>\n<ul>\n<li>Formular a receita da cor que melhor combina com a cor padr\u00e3o<\/li>\n<li>Definir condi\u00e7\u00f5es e m\u00e9todos para a produ\u00e7\u00e3o de cores que cumpram a norma de forma precisa e consistente<\/li>\n<li>Criar e analisar amostras para a verifica\u00e7\u00e3o de metamerismo* ou inconsist\u00eancias.<\/li>\n<li>Enviar amostras para para aprova\u00e7\u00e3o do designer e\/ou cliente<\/li>\n<\/ul>\n<p>Para obter resultados precisos e consistentes, processos padronizados, condi\u00e7\u00f5es ambientais e procedimentos de manuten\u00e7\u00e3o dos equipamentos devem ser previamente estabelecidos. Com instrumentos de medi\u00e7\u00e3o de cor de alta precis\u00e3o e um software sofisticado de correspond\u00eancia de cor ou an\u00e1lise, profissionais de P&amp;D s\u00e3o capazes de formular rapidamente ou corrigir cores e comunicar claramente os resultados para os outros. Isto aumenta a produtividade e elimina o desperd\u00edcio.<\/p>\n<p><strong>Profissionais de Produ\u00e7\u00e3o<\/strong><\/p>\n<p>Profissionais de produ\u00e7\u00e3o fabricam o produto acabado. Seu objetivo \u00e9 produzir produtos que atendam \u00e0s normas de qualidade definidas, incluindo a cor.<\/p>\n<p>Participa\u00e7\u00e3o geral no processo de cor:<\/p>\n<ul>\n<li>Definir como e quando a cor do produto ser\u00e1 avaliada<\/li>\n<li>Definir procedimento de controle de processo para corrigir cores fora de especifica\u00e7\u00e3o<\/li>\n<li>Produzir amostras\/lotes de cores de acordo com a receita e procedimento de P&amp;D<\/li>\n<li>Fabricar o produto acabado com a cor definida<\/li>\n<\/ul>\n<p>Acompanhar as principais m\u00e9tricas de desempenho, incluindo o rendimento da produ\u00e7\u00e3o e a efic\u00e1cia global do equipamento, \u00e9 essencial para melhorar os processos produtivos e atender as normas de forma mais eficiente. Muitos gerentes de produ\u00e7\u00e3o est\u00e3o agora concentrados na automatiza\u00e7\u00e3o do processo de fabrica\u00e7\u00e3o e t\u00eam acesso a dados em tempo real, a fim de aumentar o tempo de atividade e diminuir os erros. Medi\u00e7\u00f5es que fornecem dados em tempo real na linha de produ\u00e7\u00e3o permitem que os trabalhadores possam identificar e corrigir imediatamente produtos com cores fora do padr\u00e3o, eliminando desperd\u00edcio e res\u00edduos.<\/p>\n<p><em>Para aumentar a produtividade e eliminar o desperd\u00edcio no processo de produ\u00e7\u00e3o, confira os <a href=\"\/br\/applications\/color-measurement\/\">instrumentos de medi\u00e7\u00e3o da cor de alta precis\u00e3o, incluindo espectrofot\u00f4metros e color\u00edmetros<\/a>.<\/em><\/p>\n<p><strong>Garantia de Qualidade\/Controle de Qualidade<\/strong><\/p>\n<p>Profissionais da \u00e1rea de Controle de Qualidade asseguram que tudo, desde as mat\u00e9rias-primas at\u00e9 os produtos acabados, atendam aos padr\u00f5es de qualidade definidos por meio de inspe\u00e7\u00f5es rigorosas. Isso inclui a cor e a apar\u00eancia dos produtos tipicamente especificados pelo designer, cliente ou equipe interna.<\/p>\n<p>Participa\u00e7\u00e3o geral no processo de cor:<\/p>\n<ul>\n<li>Avaliar amostras\/lotes de cores e a cor do produto acabado em rela\u00e7\u00e3o ao padr\u00e3o<\/li>\n<li>Aprovar ou reprovar cores com base na f\u00f3rmula de toler\u00e2ncia e limites de diferen\u00e7a de cor<\/li>\n<\/ul>\n<p>Dados precisos s\u00e3o essenciais para o controle de qualidade funcionar de forma eficaz. Instrumentos de medi\u00e7\u00e3o de cor precisos s\u00e3o necess\u00e1rios para gerar valores de cor das amostras que est\u00e3o sendo inspecionadas para compara\u00e7\u00e3o com os valores de cor padr\u00e3o. Softwares de controle de qualidade de cor s\u00e3o utilizados para melhorar a efici\u00eancia e a realiza\u00e7\u00e3o de avalia\u00e7\u00f5es mais inteligentes e consistentes e tamb\u00e9m s\u00e3o utilizados para armazenar os resultados das medi\u00e7\u00f5es, recuperar especifica\u00e7\u00f5es e identificar mais facilmente cores fora do padr\u00e3o e com metamerismo*. Isso garante que o produto final atenda \u00e0s especifica\u00e7\u00f5es de cores.<\/p>\n<p>Devem ser usados equipamentos padronizados, procedimentos e condi\u00e7\u00f5es documentadas e compartilhadas por toda a cadeia de produ\u00e7\u00e3o, para coordenar a cor de forma ideal, da concep\u00e7\u00e3o at\u00e9 o produto acabado. Isso garante que as mesmas diretrizes e especifica\u00e7\u00f5es s\u00e3o respeitadas para a consist\u00eancia da cor e precis\u00e3o , aumentando assim a efici\u00eancia.<\/p>\n<p>Processos e condi\u00e7\u00f5es a serem padronizados incluem:<\/p>\n<p><strong>Especifica\u00e7\u00f5es de avalia\u00e7\u00e3o visual:<\/strong> Fontes de luz, \u00e2ngulos de vis\u00e3o, condi\u00e7\u00f5es de apresenta\u00e7\u00e3o da amostra<\/p>\n<p><strong>Especifica\u00e7\u00f5es dos instrumentos de medi\u00e7\u00e3o:<\/strong> Espa\u00e7o de cor, f\u00f3rmula de diferen\u00e7a de cor, toler\u00e2ncias, geometria do instrumento, observador padr\u00e3o CIE, iluminantes, condi\u00e7\u00f5es de apresenta\u00e7\u00e3o da amostra<\/p>\n<p>* Metamerismo: Quando duas ou mais amostras correspondem \u00e0 cor sob uma fonte de luz ou condi\u00e7\u00e3o de visualiza\u00e7\u00e3o, mas n\u00e3o em outra.<\/p>\n","protected":false},"featured_media":12506,"template":"","learning_center_categories":[1775],"class_list":["post-18135","blog","type-blog","status-publish","has-post-thumbnail","hentry","learning_center_categories-color-appearance-measurement-br"],"acf":[],"yoast_head":"<!-- This site is optimized with the Yoast SEO Premium plugin v24.4 (Yoast SEO v24.4) - https:\/\/yoast.com\/wordpress\/plugins\/seo\/ -->\r\n<title>A coordena\u00e7\u00e3o da cor do produto em todas as fun\u00e7\u00f5es de trabalho | Konica Minolta Sensing<\/title>\r\n<meta name=\"description\" content=\"Embora cada ind\u00fastria tenha opera\u00e7\u00f5es diferentes, por causa do muitos fatores, apresentamos abaixo uma vis\u00e3o geral das fun\u00e7\u00f5es t\u00edpicas de trabalho que podem estar envolvidos neste processo.\" \/>\r\n<meta name=\"robots\" content=\"index, follow, max-snippet:-1, max-image-preview:large, max-video-preview:-1\" \/>\r\n<link rel=\"canonical\" href=\"https:\/\/sensing.konicaminolta.us\/br\/blog\/a-coordenacao-da-cor-do-produto-em-todas-as-funcoes-de-trabalho\/\" \/>\r\n<meta property=\"og:locale\" content=\"pt_BR\" \/>\r\n<meta property=\"og:type\" content=\"article\" \/>\r\n<meta property=\"og:title\" content=\"A coordena\u00e7\u00e3o da cor do produto em todas as fun\u00e7\u00f5es de trabalho | Konica Minolta Sensing\" \/>\r\n<meta property=\"og:description\" content=\"Embora cada ind\u00fastria tenha opera\u00e7\u00f5es diferentes, por causa do muitos fatores, apresentamos abaixo uma vis\u00e3o geral das fun\u00e7\u00f5es t\u00edpicas de trabalho que podem estar envolvidos neste processo.\" \/>\r\n<meta property=\"og:url\" content=\"https:\/\/sensing.konicaminolta.us\/br\/blog\/a-coordenacao-da-cor-do-produto-em-todas-as-funcoes-de-trabalho\/\" \/>\r\n<meta property=\"og:site_name\" content=\"Konica Minolta Sensing\" \/>\r\n<meta property=\"article:publisher\" content=\"https:\/\/www.facebook.com\/KonicaMinoltaSensingAmericas\" \/>\r\n<meta property=\"article:modified_time\" content=\"2024-04-11T18:28:15+00:00\" \/>\r\n<meta property=\"og:image\" content=\"https:\/\/sensing.konicaminolta.us\/wp-content\/uploads\/coordinatingproduct.jpg\" \/>\r\n\t<meta property=\"og:image:width\" content=\"551\" \/>\r\n\t<meta property=\"og:image:height\" content=\"236\" \/>\r\n\t<meta property=\"og:image:type\" content=\"image\/jpeg\" \/>\r\n<meta name=\"twitter:card\" content=\"summary_large_image\" \/>\r\n<meta name=\"twitter:title\" content=\"A coordena\u00e7\u00e3o da cor do produto em todas as fun\u00e7\u00f5es de trabalho | Konica Minolta Sensing\" \/>\r\n<meta name=\"twitter:description\" content=\"Embora cada ind\u00fastria tenha opera\u00e7\u00f5es diferentes, por causa do muitos fatores, apresentamos abaixo uma vis\u00e3o geral das fun\u00e7\u00f5es t\u00edpicas de trabalho que podem estar envolvidos neste processo.\" \/>\r\n<meta name=\"twitter:site\" content=\"@KMSensingUS\" \/>\r\n<meta name=\"twitter:label1\" content=\"Est. tempo de leitura\" \/>\n\t<meta name=\"twitter:data1\" content=\"5 minutos\" \/>\r\n<script type=\"application\/ld+json\" class=\"yoast-schema-graph\">{\"@context\":\"https:\/\/schema.org\",\"@graph\":[{\"@type\":\"WebPage\",\"@id\":\"https:\/\/sensing.konicaminolta.us\/br\/blog\/a-coordenacao-da-cor-do-produto-em-todas-as-funcoes-de-trabalho\/\",\"url\":\"https:\/\/sensing.konicaminolta.us\/br\/blog\/a-coordenacao-da-cor-do-produto-em-todas-as-funcoes-de-trabalho\/\",\"name\":\"A coordena\u00e7\u00e3o da cor do produto em todas as fun\u00e7\u00f5es de trabalho | Konica Minolta Sensing\",\"isPartOf\":{\"@id\":\"https:\/\/sensing.konicaminolta.us\/br\/#website\"},\"primaryImageOfPage\":{\"@id\":\"https:\/\/sensing.konicaminolta.us\/br\/blog\/a-coordenacao-da-cor-do-produto-em-todas-as-funcoes-de-trabalho\/#primaryimage\"},\"image\":{\"@id\":\"https:\/\/sensing.konicaminolta.us\/br\/blog\/a-coordenacao-da-cor-do-produto-em-todas-as-funcoes-de-trabalho\/#primaryimage\"},\"thumbnailUrl\":\"https:\/\/sensing.konicaminolta.us\/wp-content\/uploads\/coordinatingproduct.jpg\",\"datePublished\":\"2015-09-21T08:00:00+00:00\",\"dateModified\":\"2024-04-11T18:28:15+00:00\",\"description\":\"Embora cada ind\u00fastria tenha opera\u00e7\u00f5es diferentes, por causa do muitos fatores, apresentamos abaixo uma vis\u00e3o geral das fun\u00e7\u00f5es t\u00edpicas de trabalho que podem estar envolvidos neste processo.\",\"breadcrumb\":{\"@id\":\"https:\/\/sensing.konicaminolta.us\/br\/blog\/a-coordenacao-da-cor-do-produto-em-todas-as-funcoes-de-trabalho\/#breadcrumb\"},\"inLanguage\":\"pt-BR\",\"potentialAction\":[{\"@type\":\"ReadAction\",\"target\":[\"https:\/\/sensing.konicaminolta.us\/br\/blog\/a-coordenacao-da-cor-do-produto-em-todas-as-funcoes-de-trabalho\/\"]}]},{\"@type\":\"ImageObject\",\"inLanguage\":\"pt-BR\",\"@id\":\"https:\/\/sensing.konicaminolta.us\/br\/blog\/a-coordenacao-da-cor-do-produto-em-todas-as-funcoes-de-trabalho\/#primaryimage\",\"url\":\"https:\/\/sensing.konicaminolta.us\/wp-content\/uploads\/coordinatingproduct.jpg\",\"contentUrl\":\"https:\/\/sensing.konicaminolta.us\/wp-content\/uploads\/coordinatingproduct.jpg\",\"width\":551,\"height\":236,\"caption\":\"A coordena&ccedil;&atilde;o da cor do produto em todas as fun&ccedil;&otilde;es de trabalho\"},{\"@type\":\"BreadcrumbList\",\"@id\":\"https:\/\/sensing.konicaminolta.us\/br\/blog\/a-coordenacao-da-cor-do-produto-em-todas-as-funcoes-de-trabalho\/#breadcrumb\",\"itemListElement\":[{\"@type\":\"ListItem\",\"position\":1,\"name\":\"Home\",\"item\":\"https:\/\/sensing.konicaminolta.us\/br\/\"},{\"@type\":\"ListItem\",\"position\":2,\"name\":\"A coordena&ccedil;&atilde;o da cor do produto em todas as fun&ccedil;&otilde;es de trabalho\"}]},{\"@type\":\"WebSite\",\"@id\":\"https:\/\/sensing.konicaminolta.us\/br\/#website\",\"url\":\"https:\/\/sensing.konicaminolta.us\/br\/\",\"name\":\"Konica Minolta Sensing\",\"description\":\"Color, Light, and LED Measuring Instruments\",\"publisher\":{\"@id\":\"https:\/\/sensing.konicaminolta.us\/br\/#organization\"},\"potentialAction\":[{\"@type\":\"SearchAction\",\"target\":{\"@type\":\"EntryPoint\",\"urlTemplate\":\"https:\/\/sensing.konicaminolta.us\/br\/?s={search_term_string}\"},\"query-input\":{\"@type\":\"PropertyValueSpecification\",\"valueRequired\":true,\"valueName\":\"search_term_string\"}}],\"inLanguage\":\"pt-BR\"},{\"@type\":\"Organization\",\"@id\":\"https:\/\/sensing.konicaminolta.us\/br\/#organization\",\"name\":\"Konica Minolta Sensing Americas\",\"url\":\"https:\/\/sensing.konicaminolta.us\/br\/\",\"logo\":{\"@type\":\"ImageObject\",\"inLanguage\":\"pt-BR\",\"@id\":\"https:\/\/sensing.konicaminolta.us\/br\/#\/schema\/logo\/image\/\",\"url\":\"https:\/\/sensing.konicaminolta.us\/wp-content\/uploads\/kmsa-vertical.png\",\"contentUrl\":\"https:\/\/sensing.konicaminolta.us\/wp-content\/uploads\/kmsa-vertical.png\",\"width\":195,\"height\":135,\"caption\":\"Konica Minolta Sensing Americas\"},\"image\":{\"@id\":\"https:\/\/sensing.konicaminolta.us\/br\/#\/schema\/logo\/image\/\"},\"sameAs\":[\"https:\/\/www.facebook.com\/KonicaMinoltaSensingAmericas\",\"https:\/\/x.com\/KMSensingUS\",\"https:\/\/www.instagram.com\/kmsensingus\/\",\"http:\/\/www.linkedin.com\/company\/531676?trk=tyah\",\"https:\/\/www.pinterest.com\/KMSensingUS\/\",\"http:\/\/www.youtube.com\/KonicaMinoltaSense\"]}]}<\/script>\r\n<!-- \/ Yoast SEO Premium plugin. -->","yoast_head_json":{"title":"A coordena\u00e7\u00e3o da cor do produto em todas as fun\u00e7\u00f5es de trabalho | Konica Minolta Sensing","description":"Embora cada ind\u00fastria tenha opera\u00e7\u00f5es diferentes, por causa do muitos fatores, apresentamos abaixo uma vis\u00e3o geral das fun\u00e7\u00f5es t\u00edpicas de trabalho que podem estar envolvidos neste processo.","robots":{"index":"index","follow":"follow","max-snippet":"max-snippet:-1","max-image-preview":"max-image-preview:large","max-video-preview":"max-video-preview:-1"},"canonical":"https:\/\/sensing.konicaminolta.us\/br\/blog\/a-coordenacao-da-cor-do-produto-em-todas-as-funcoes-de-trabalho\/","og_locale":"pt_BR","og_type":"article","og_title":"A coordena\u00e7\u00e3o da cor do produto em todas as fun\u00e7\u00f5es de trabalho | Konica Minolta Sensing","og_description":"Embora cada ind\u00fastria tenha opera\u00e7\u00f5es diferentes, por causa do muitos fatores, apresentamos abaixo uma vis\u00e3o geral das fun\u00e7\u00f5es t\u00edpicas de trabalho que podem estar envolvidos neste processo.","og_url":"https:\/\/sensing.konicaminolta.us\/br\/blog\/a-coordenacao-da-cor-do-produto-em-todas-as-funcoes-de-trabalho\/","og_site_name":"Konica Minolta Sensing","article_publisher":"https:\/\/www.facebook.com\/KonicaMinoltaSensingAmericas","article_modified_time":"2024-04-11T18:28:15+00:00","og_image":[{"width":551,"height":236,"url":"https:\/\/sensing.konicaminolta.us\/wp-content\/uploads\/coordinatingproduct.jpg","type":"image\/jpeg"}],"twitter_card":"summary_large_image","twitter_title":"A coordena\u00e7\u00e3o da cor do produto em todas as fun\u00e7\u00f5es de trabalho | Konica Minolta Sensing","twitter_description":"Embora cada ind\u00fastria tenha opera\u00e7\u00f5es diferentes, por causa do muitos fatores, apresentamos abaixo uma vis\u00e3o geral das fun\u00e7\u00f5es t\u00edpicas de trabalho que podem estar envolvidos neste processo.","twitter_site":"@KMSensingUS","twitter_misc":{"Est. tempo de leitura":"5 minutos"},"schema":{"@context":"https:\/\/schema.org","@graph":[{"@type":"WebPage","@id":"https:\/\/sensing.konicaminolta.us\/br\/blog\/a-coordenacao-da-cor-do-produto-em-todas-as-funcoes-de-trabalho\/","url":"https:\/\/sensing.konicaminolta.us\/br\/blog\/a-coordenacao-da-cor-do-produto-em-todas-as-funcoes-de-trabalho\/","name":"A coordena\u00e7\u00e3o da cor do produto em todas as fun\u00e7\u00f5es de trabalho | Konica Minolta Sensing","isPartOf":{"@id":"https:\/\/sensing.konicaminolta.us\/br\/#website"},"primaryImageOfPage":{"@id":"https:\/\/sensing.konicaminolta.us\/br\/blog\/a-coordenacao-da-cor-do-produto-em-todas-as-funcoes-de-trabalho\/#primaryimage"},"image":{"@id":"https:\/\/sensing.konicaminolta.us\/br\/blog\/a-coordenacao-da-cor-do-produto-em-todas-as-funcoes-de-trabalho\/#primaryimage"},"thumbnailUrl":"https:\/\/sensing.konicaminolta.us\/wp-content\/uploads\/coordinatingproduct.jpg","datePublished":"2015-09-21T08:00:00+00:00","dateModified":"2024-04-11T18:28:15+00:00","description":"Embora cada ind\u00fastria tenha opera\u00e7\u00f5es diferentes, por causa do muitos fatores, apresentamos abaixo uma vis\u00e3o geral das fun\u00e7\u00f5es t\u00edpicas de trabalho que podem estar envolvidos neste processo.","breadcrumb":{"@id":"https:\/\/sensing.konicaminolta.us\/br\/blog\/a-coordenacao-da-cor-do-produto-em-todas-as-funcoes-de-trabalho\/#breadcrumb"},"inLanguage":"pt-BR","potentialAction":[{"@type":"ReadAction","target":["https:\/\/sensing.konicaminolta.us\/br\/blog\/a-coordenacao-da-cor-do-produto-em-todas-as-funcoes-de-trabalho\/"]}]},{"@type":"ImageObject","inLanguage":"pt-BR","@id":"https:\/\/sensing.konicaminolta.us\/br\/blog\/a-coordenacao-da-cor-do-produto-em-todas-as-funcoes-de-trabalho\/#primaryimage","url":"https:\/\/sensing.konicaminolta.us\/wp-content\/uploads\/coordinatingproduct.jpg","contentUrl":"https:\/\/sensing.konicaminolta.us\/wp-content\/uploads\/coordinatingproduct.jpg","width":551,"height":236,"caption":"A coordena&ccedil;&atilde;o da cor do produto em todas as fun&ccedil;&otilde;es de trabalho"},{"@type":"BreadcrumbList","@id":"https:\/\/sensing.konicaminolta.us\/br\/blog\/a-coordenacao-da-cor-do-produto-em-todas-as-funcoes-de-trabalho\/#breadcrumb","itemListElement":[{"@type":"ListItem","position":1,"name":"Home","item":"https:\/\/sensing.konicaminolta.us\/br\/"},{"@type":"ListItem","position":2,"name":"A coordena&ccedil;&atilde;o da cor do produto em todas as fun&ccedil;&otilde;es de trabalho"}]},{"@type":"WebSite","@id":"https:\/\/sensing.konicaminolta.us\/br\/#website","url":"https:\/\/sensing.konicaminolta.us\/br\/","name":"Konica Minolta Sensing","description":"Color, Light, and LED Measuring Instruments","publisher":{"@id":"https:\/\/sensing.konicaminolta.us\/br\/#organization"},"potentialAction":[{"@type":"SearchAction","target":{"@type":"EntryPoint","urlTemplate":"https:\/\/sensing.konicaminolta.us\/br\/?s={search_term_string}"},"query-input":{"@type":"PropertyValueSpecification","valueRequired":true,"valueName":"search_term_string"}}],"inLanguage":"pt-BR"},{"@type":"Organization","@id":"https:\/\/sensing.konicaminolta.us\/br\/#organization","name":"Konica Minolta Sensing Americas","url":"https:\/\/sensing.konicaminolta.us\/br\/","logo":{"@type":"ImageObject","inLanguage":"pt-BR","@id":"https:\/\/sensing.konicaminolta.us\/br\/#\/schema\/logo\/image\/","url":"https:\/\/sensing.konicaminolta.us\/wp-content\/uploads\/kmsa-vertical.png","contentUrl":"https:\/\/sensing.konicaminolta.us\/wp-content\/uploads\/kmsa-vertical.png","width":195,"height":135,"caption":"Konica Minolta Sensing Americas"},"image":{"@id":"https:\/\/sensing.konicaminolta.us\/br\/#\/schema\/logo\/image\/"},"sameAs":["https:\/\/www.facebook.com\/KonicaMinoltaSensingAmericas","https:\/\/x.com\/KMSensingUS","https:\/\/www.instagram.com\/kmsensingus\/","http:\/\/www.linkedin.com\/company\/531676?trk=tyah","https:\/\/www.pinterest.com\/KMSensingUS\/","http:\/\/www.youtube.com\/KonicaMinoltaSense"]}]}},"_links":{"self":[{"href":"https:\/\/sensing.konicaminolta.us\/br\/wp-json\/wp\/v2\/blog\/18135","targetHints":{"allow":["GET"]}}],"collection":[{"href":"https:\/\/sensing.konicaminolta.us\/br\/wp-json\/wp\/v2\/blog"}],"about":[{"href":"https:\/\/sensing.konicaminolta.us\/br\/wp-json\/wp\/v2\/types\/blog"}],"wp:featuredmedia":[{"embeddable":true,"href":"https:\/\/sensing.konicaminolta.us\/br\/wp-json\/wp\/v2\/media\/12506"}],"wp:attachment":[{"href":"https:\/\/sensing.konicaminolta.us\/br\/wp-json\/wp\/v2\/media?parent=18135"}],"wp:term":[{"taxonomy":"learning_center_categories","embeddable":true,"href":"https:\/\/sensing.konicaminolta.us\/br\/wp-json\/wp\/v2\/learning_center_categories?post=18135"}],"curies":[{"name":"wp","href":"https:\/\/api.w.org\/{rel}","templated":true}]}}