{"id":12750,"date":"2017-07-07T17:38:39","date_gmt":"2017-07-07T21:38:39","guid":{"rendered":"https:\/\/sensing.konicaminolta.us\/blog\/podrian-los-leds-curar-el-alzheimer\/"},"modified":"2021-09-20T06:31:29","modified_gmt":"2021-09-20T10:31:29","slug":"podrian-los-leds-curar-el-alzheimer","status":"publish","type":"blog","link":"https:\/\/sensing.konicaminolta.us\/mx\/blog\/podrian-los-leds-curar-el-alzheimer\/","title":{"rendered":"\u00bfPodr\u00edan los LEDs curar el Alzheimer?"},"content":{"rendered":"<p>Imagine perder su memoria de a poco. La enfermedad de Alzheimer causa justamente eso. Es una enfermedad neurodegenerativa que involucra la p\u00e9rdida de la memoria. Otros s\u00edntomas tambi\u00e9n pueden ser la falta de cuidado personal, desorientaci\u00f3n y problemas de comportamiento. Tambi\u00e9n puede causar ciertos tipos de demencia.<\/p>\n<p>Anteriormente, los cient\u00edficos hab\u00edan experimentado con drogas para ver si pod\u00edan parar o disminuir la enfermedad, pero \u00e9stos experimentos resultaron poco efectivos. Ahora, sin embargo, un equipo del Instituto de Tecnolog\u00eda de Massachusetts ha logrado un avance importante que podr\u00eda ser una se\u00f1al para prevenir el Alzheimer.<\/p>\n<p>Ellos descubrieron que las luces LEDs parpadeantes y brillantes en los ojos de ratas de laboratorio pueden disminuir los niveles de placa en sus cerebros. El tratamiento funciona al exponer las ratas a las luces Led brillantes a una velocidad de 40 ciclos por segundo. Esto, a su vez, estimula ciertas c\u00e9lulas protectoras en el cerebro para eliminar prote\u00ednas que da\u00f1an, cuando se acumulan en grandes grupos y crean la acumulaci\u00f3n de placas. La acumulaci\u00f3n de placas en el cerebro de una persona es una de las causas principales de la enfermedad de Alzheimer. Si este tratamiento demuestra ser efectivo en los humanos, se podr\u00edan lograr beneficios m\u00e9dicos significativos.<\/p>\n<p>El equipo de investigaci\u00f3n planea comenzar pronto a testear el parpadeo de luces LEDs en personas. Ellos se encuentran actualmente colaborando en c\u00f3mo realizar dicho experimento y determinar el curso de acci\u00f3n adecuado. De tener \u00e9xito, esto podr\u00eda revolucionar los tratamientos para la enfermedad de Alzheimer, demencia y otros efectos secundarios de la construcci\u00f3n de placa en el cerebro.<\/p>\n<p>Los cient\u00edficos e investigadores pueden asegurar que el parpadeo de las luces Leds operan correctamente con Konica Minolta Sensing. Con nuestro <a href=\"\/mx\/products\/t-10a_t-10ma-medidores-de-lluminancia\/\">Medidor de Iluminancia T-10A<\/a> personalizado se puede medir la velocidad de parpadeo. Cualquier investigador probando las luces LEDs para beneficios medicinales no contar\u00e1 con un laboratorio completo sin los instrumentos de Konica Minolta Sensing.<\/p>\n","protected":false},"featured_media":12314,"template":"","learning_center_categories":[1782],"class_list":["post-12750","blog","type-blog","status-publish","has-post-thumbnail","hentry","learning_center_categories-light-display-measurement-mx"],"acf":[],"yoast_head":"<!-- This site is optimized with the Yoast SEO Premium plugin v24.4 (Yoast SEO v24.4) - https:\/\/yoast.com\/wordpress\/plugins\/seo\/ -->\r\n<title>\u00bfPodr\u00edan los LEDs curar el Alzheimer? - Konica Minolta Sensing<\/title>\r\n<meta name=\"robots\" content=\"index, follow, max-snippet:-1, max-image-preview:large, max-video-preview:-1\" \/>\r\n<link rel=\"canonical\" href=\"https:\/\/sensing.konicaminolta.us\/mx\/blog\/podrian-los-leds-curar-el-alzheimer\/\" \/>\r\n<meta property=\"og:locale\" content=\"es_MX\" \/>\r\n<meta property=\"og:type\" content=\"article\" \/>\r\n<meta property=\"og:title\" content=\"\u00bfPodr\u00edan los LEDs curar el Alzheimer?\" \/>\r\n<meta property=\"og:description\" content=\"Imagine perder su memoria de a poco. La enfermedad de Alzheimer causa justamente eso. Es una enfermedad neurodegenerativa que involucra la p\u00e9rdida de la\" \/>\r\n<meta property=\"og:url\" content=\"https:\/\/sensing.konicaminolta.us\/mx\/blog\/podrian-los-leds-curar-el-alzheimer\/\" \/>\r\n<meta property=\"og:site_name\" content=\"Konica Minolta Sensing\" \/>\r\n<meta property=\"article:publisher\" content=\"https:\/\/www.facebook.com\/KonicaMinoltaSensingAmericas\" \/>\r\n<meta property=\"article:modified_time\" content=\"2021-09-20T10:31:29+00:00\" \/>\r\n<meta property=\"og:image\" content=\"https:\/\/sensing.konicaminolta.us\/wp-content\/uploads\/led-alzheimers-blog.jpg\" \/>\r\n\t<meta property=\"og:image:width\" content=\"400\" \/>\r\n\t<meta property=\"og:image:height\" content=\"267\" \/>\r\n\t<meta property=\"og:image:type\" content=\"image\/jpeg\" \/>\r\n<meta name=\"twitter:card\" content=\"summary_large_image\" \/>\r\n<meta name=\"twitter:site\" content=\"@KMSensingUS\" \/>\r\n<meta name=\"twitter:label1\" content=\"Tiempo de lectura\" \/>\n\t<meta name=\"twitter:data1\" content=\"2 minutos\" \/>\r\n<script type=\"application\/ld+json\" class=\"yoast-schema-graph\">{\"@context\":\"https:\/\/schema.org\",\"@graph\":[{\"@type\":\"WebPage\",\"@id\":\"https:\/\/sensing.konicaminolta.us\/mx\/blog\/podrian-los-leds-curar-el-alzheimer\/\",\"url\":\"https:\/\/sensing.konicaminolta.us\/mx\/blog\/podrian-los-leds-curar-el-alzheimer\/\",\"name\":\"\u00bfPodr\u00edan los LEDs curar el Alzheimer? - Konica Minolta Sensing\",\"isPartOf\":{\"@id\":\"https:\/\/sensing.konicaminolta.us\/mx\/#website\"},\"primaryImageOfPage\":{\"@id\":\"https:\/\/sensing.konicaminolta.us\/mx\/blog\/podrian-los-leds-curar-el-alzheimer\/#primaryimage\"},\"image\":{\"@id\":\"https:\/\/sensing.konicaminolta.us\/mx\/blog\/podrian-los-leds-curar-el-alzheimer\/#primaryimage\"},\"thumbnailUrl\":\"https:\/\/sensing.konicaminolta.us\/wp-content\/uploads\/led-alzheimers-blog.jpg\",\"datePublished\":\"2017-07-07T21:38:39+00:00\",\"dateModified\":\"2021-09-20T10:31:29+00:00\",\"breadcrumb\":{\"@id\":\"https:\/\/sensing.konicaminolta.us\/mx\/blog\/podrian-los-leds-curar-el-alzheimer\/#breadcrumb\"},\"inLanguage\":\"es\",\"potentialAction\":[{\"@type\":\"ReadAction\",\"target\":[\"https:\/\/sensing.konicaminolta.us\/mx\/blog\/podrian-los-leds-curar-el-alzheimer\/\"]}]},{\"@type\":\"ImageObject\",\"inLanguage\":\"es\",\"@id\":\"https:\/\/sensing.konicaminolta.us\/mx\/blog\/podrian-los-leds-curar-el-alzheimer\/#primaryimage\",\"url\":\"https:\/\/sensing.konicaminolta.us\/wp-content\/uploads\/led-alzheimers-blog.jpg\",\"contentUrl\":\"https:\/\/sensing.konicaminolta.us\/wp-content\/uploads\/led-alzheimers-blog.jpg\",\"width\":400,\"height\":267,\"caption\":\"\u00bfPodr\u00edan los LEDs curar el Alzheimer?\"},{\"@type\":\"BreadcrumbList\",\"@id\":\"https:\/\/sensing.konicaminolta.us\/mx\/blog\/podrian-los-leds-curar-el-alzheimer\/#breadcrumb\",\"itemListElement\":[{\"@type\":\"ListItem\",\"position\":1,\"name\":\"Home\",\"item\":\"https:\/\/sensing.konicaminolta.us\/mx\/\"},{\"@type\":\"ListItem\",\"position\":2,\"name\":\"\u00bfPodr\u00edan los LEDs curar el Alzheimer?\"}]},{\"@type\":\"WebSite\",\"@id\":\"https:\/\/sensing.konicaminolta.us\/mx\/#website\",\"url\":\"https:\/\/sensing.konicaminolta.us\/mx\/\",\"name\":\"Konica Minolta Sensing\",\"description\":\"Color, Light, and LED Measuring Instruments\",\"publisher\":{\"@id\":\"https:\/\/sensing.konicaminolta.us\/mx\/#organization\"},\"potentialAction\":[{\"@type\":\"SearchAction\",\"target\":{\"@type\":\"EntryPoint\",\"urlTemplate\":\"https:\/\/sensing.konicaminolta.us\/mx\/?s={search_term_string}\"},\"query-input\":{\"@type\":\"PropertyValueSpecification\",\"valueRequired\":true,\"valueName\":\"search_term_string\"}}],\"inLanguage\":\"es\"},{\"@type\":\"Organization\",\"@id\":\"https:\/\/sensing.konicaminolta.us\/mx\/#organization\",\"name\":\"Konica Minolta Sensing Americas\",\"url\":\"https:\/\/sensing.konicaminolta.us\/mx\/\",\"logo\":{\"@type\":\"ImageObject\",\"inLanguage\":\"es\",\"@id\":\"https:\/\/sensing.konicaminolta.us\/mx\/#\/schema\/logo\/image\/\",\"url\":\"https:\/\/sensing.konicaminolta.us\/wp-content\/uploads\/kmsa-vertical.png\",\"contentUrl\":\"https:\/\/sensing.konicaminolta.us\/wp-content\/uploads\/kmsa-vertical.png\",\"width\":195,\"height\":135,\"caption\":\"Konica Minolta Sensing Americas\"},\"image\":{\"@id\":\"https:\/\/sensing.konicaminolta.us\/mx\/#\/schema\/logo\/image\/\"},\"sameAs\":[\"https:\/\/www.facebook.com\/KonicaMinoltaSensingAmericas\",\"https:\/\/x.com\/KMSensingUS\",\"https:\/\/www.instagram.com\/kmsensingus\/\",\"http:\/\/www.linkedin.com\/company\/531676?trk=tyah\",\"https:\/\/www.pinterest.com\/KMSensingUS\/\",\"http:\/\/www.youtube.com\/KonicaMinoltaSense\"]}]}<\/script>\r\n<!-- \/ Yoast SEO Premium plugin. -->","yoast_head_json":{"title":"\u00bfPodr\u00edan los LEDs curar el Alzheimer? - Konica Minolta Sensing","robots":{"index":"index","follow":"follow","max-snippet":"max-snippet:-1","max-image-preview":"max-image-preview:large","max-video-preview":"max-video-preview:-1"},"canonical":"https:\/\/sensing.konicaminolta.us\/mx\/blog\/podrian-los-leds-curar-el-alzheimer\/","og_locale":"es_MX","og_type":"article","og_title":"\u00bfPodr\u00edan los LEDs curar el Alzheimer?","og_description":"Imagine perder su memoria de a poco. La enfermedad de Alzheimer causa justamente eso. Es una enfermedad neurodegenerativa que involucra la p\u00e9rdida de la","og_url":"https:\/\/sensing.konicaminolta.us\/mx\/blog\/podrian-los-leds-curar-el-alzheimer\/","og_site_name":"Konica Minolta Sensing","article_publisher":"https:\/\/www.facebook.com\/KonicaMinoltaSensingAmericas","article_modified_time":"2021-09-20T10:31:29+00:00","og_image":[{"width":400,"height":267,"url":"https:\/\/sensing.konicaminolta.us\/wp-content\/uploads\/led-alzheimers-blog.jpg","type":"image\/jpeg"}],"twitter_card":"summary_large_image","twitter_site":"@KMSensingUS","twitter_misc":{"Tiempo de lectura":"2 minutos"},"schema":{"@context":"https:\/\/schema.org","@graph":[{"@type":"WebPage","@id":"https:\/\/sensing.konicaminolta.us\/mx\/blog\/podrian-los-leds-curar-el-alzheimer\/","url":"https:\/\/sensing.konicaminolta.us\/mx\/blog\/podrian-los-leds-curar-el-alzheimer\/","name":"\u00bfPodr\u00edan los LEDs curar el Alzheimer? - Konica Minolta Sensing","isPartOf":{"@id":"https:\/\/sensing.konicaminolta.us\/mx\/#website"},"primaryImageOfPage":{"@id":"https:\/\/sensing.konicaminolta.us\/mx\/blog\/podrian-los-leds-curar-el-alzheimer\/#primaryimage"},"image":{"@id":"https:\/\/sensing.konicaminolta.us\/mx\/blog\/podrian-los-leds-curar-el-alzheimer\/#primaryimage"},"thumbnailUrl":"https:\/\/sensing.konicaminolta.us\/wp-content\/uploads\/led-alzheimers-blog.jpg","datePublished":"2017-07-07T21:38:39+00:00","dateModified":"2021-09-20T10:31:29+00:00","breadcrumb":{"@id":"https:\/\/sensing.konicaminolta.us\/mx\/blog\/podrian-los-leds-curar-el-alzheimer\/#breadcrumb"},"inLanguage":"es","potentialAction":[{"@type":"ReadAction","target":["https:\/\/sensing.konicaminolta.us\/mx\/blog\/podrian-los-leds-curar-el-alzheimer\/"]}]},{"@type":"ImageObject","inLanguage":"es","@id":"https:\/\/sensing.konicaminolta.us\/mx\/blog\/podrian-los-leds-curar-el-alzheimer\/#primaryimage","url":"https:\/\/sensing.konicaminolta.us\/wp-content\/uploads\/led-alzheimers-blog.jpg","contentUrl":"https:\/\/sensing.konicaminolta.us\/wp-content\/uploads\/led-alzheimers-blog.jpg","width":400,"height":267,"caption":"\u00bfPodr\u00edan los LEDs curar el Alzheimer?"},{"@type":"BreadcrumbList","@id":"https:\/\/sensing.konicaminolta.us\/mx\/blog\/podrian-los-leds-curar-el-alzheimer\/#breadcrumb","itemListElement":[{"@type":"ListItem","position":1,"name":"Home","item":"https:\/\/sensing.konicaminolta.us\/mx\/"},{"@type":"ListItem","position":2,"name":"\u00bfPodr\u00edan los LEDs curar el Alzheimer?"}]},{"@type":"WebSite","@id":"https:\/\/sensing.konicaminolta.us\/mx\/#website","url":"https:\/\/sensing.konicaminolta.us\/mx\/","name":"Konica Minolta Sensing","description":"Color, Light, and LED Measuring Instruments","publisher":{"@id":"https:\/\/sensing.konicaminolta.us\/mx\/#organization"},"potentialAction":[{"@type":"SearchAction","target":{"@type":"EntryPoint","urlTemplate":"https:\/\/sensing.konicaminolta.us\/mx\/?s={search_term_string}"},"query-input":{"@type":"PropertyValueSpecification","valueRequired":true,"valueName":"search_term_string"}}],"inLanguage":"es"},{"@type":"Organization","@id":"https:\/\/sensing.konicaminolta.us\/mx\/#organization","name":"Konica Minolta Sensing Americas","url":"https:\/\/sensing.konicaminolta.us\/mx\/","logo":{"@type":"ImageObject","inLanguage":"es","@id":"https:\/\/sensing.konicaminolta.us\/mx\/#\/schema\/logo\/image\/","url":"https:\/\/sensing.konicaminolta.us\/wp-content\/uploads\/kmsa-vertical.png","contentUrl":"https:\/\/sensing.konicaminolta.us\/wp-content\/uploads\/kmsa-vertical.png","width":195,"height":135,"caption":"Konica Minolta Sensing Americas"},"image":{"@id":"https:\/\/sensing.konicaminolta.us\/mx\/#\/schema\/logo\/image\/"},"sameAs":["https:\/\/www.facebook.com\/KonicaMinoltaSensingAmericas","https:\/\/x.com\/KMSensingUS","https:\/\/www.instagram.com\/kmsensingus\/","http:\/\/www.linkedin.com\/company\/531676?trk=tyah","https:\/\/www.pinterest.com\/KMSensingUS\/","http:\/\/www.youtube.com\/KonicaMinoltaSense"]}]}},"_links":{"self":[{"href":"https:\/\/sensing.konicaminolta.us\/mx\/wp-json\/wp\/v2\/blog\/12750","targetHints":{"allow":["GET"]}}],"collection":[{"href":"https:\/\/sensing.konicaminolta.us\/mx\/wp-json\/wp\/v2\/blog"}],"about":[{"href":"https:\/\/sensing.konicaminolta.us\/mx\/wp-json\/wp\/v2\/types\/blog"}],"wp:featuredmedia":[{"embeddable":true,"href":"https:\/\/sensing.konicaminolta.us\/mx\/wp-json\/wp\/v2\/media\/12314"}],"wp:attachment":[{"href":"https:\/\/sensing.konicaminolta.us\/mx\/wp-json\/wp\/v2\/media?parent=12750"}],"wp:term":[{"taxonomy":"learning_center_categories","embeddable":true,"href":"https:\/\/sensing.konicaminolta.us\/mx\/wp-json\/wp\/v2\/learning_center_categories?post=12750"}],"curies":[{"name":"wp","href":"https:\/\/api.w.org\/{rel}","templated":true}]}}