{"id":12758,"date":"2016-03-08T14:50:55","date_gmt":"2016-03-08T19:50:55","guid":{"rendered":"https:\/\/sensing.konicaminolta.us\/blog\/puede-el-color-afectar-su-reloj-biologico-la-respuesta-lo-puede-sorprender\/"},"modified":"2020-03-24T01:13:53","modified_gmt":"2020-03-24T05:13:53","slug":"puede-el-color-afectar-su-reloj-biologico-la-respuesta-lo-puede-sorprender","status":"publish","type":"blog","link":"https:\/\/sensing.konicaminolta.us\/mx\/blog\/puede-el-color-afectar-su-reloj-biologico-la-respuesta-lo-puede-sorprender\/","title":{"rendered":"\u00bfPuede el Color Afectar su Reloj Biol\u00f3gico? La respuesta lo puede sorprender"},"content":{"rendered":"<p>Todos sabemos que la luz afecta nuestro ritmo circadiano. Ahora los cient\u00edficos est\u00e1n descubriendo que no s\u00f3lo es la cantidad de luz sino tambi\u00e9n el color y brillo de ella lo que dispara nuestro reloj interno.<\/p>\n<p>Cient\u00edficos de la Universidad de Manchester han estado realizando experimentos en ratones para medir los efectos de colores y sombras de luz en mam\u00edferos. El equipo se ha focalizado en una parte del cerebro com\u00fan en todos los vertebrados denominado N\u00facleo Supraquiasm\u00e1tico (SCN), donde se cree se encuentra nuestro reloj interno.<\/p>\n<p>Cuando el equipo expuso a los ratones de testeo a luces de diferentes intensidades de color y brillo, el SCN se activ\u00f3 de manera peculiar. Para profundizar las pruebas y determinar si los colores realmente afectaban el reloj interno de los ratones, el equipo construy\u00f3 un cielo artificial con diferentes luces LEDs que simulaban diferentes luces de d\u00eda y sombras de noche, como tambi\u00e9n diferentes intensidades de color y luz.<\/p>\n<p>Dado que la temperatura interna de los ratones aumenta durante la noche, los cient\u00edficos pudieron monitorear y seguir el impacto de distintos colores y sombras de luz en los roedores. Esto lo realizaron mediante la medici\u00f3n de comunicaciones el\u00e9ctricas de las neuronas SCN mientras los ratones eran expuestos a cambios en el color. Los resultados fueron significativos cuando los ratones eran expuestos a luz azul, la cual prevalece al atardecer.<\/p>\n<p>Los cient\u00edficos tambi\u00e9n experimentaron al utilizar colores no naturales en el cielo artificial para analizar si los ratones respond\u00edan diferente. Para ampliar \u00e9stas pruebas sobre los efectos a los colores y sombras, los investigadores separaron a los ratones que ten\u00edan una respuesta mayor a los cambios de color, de aquellos donde la respuesta era menor. Luego tomaron c\u00e9lulas SCN de los dos grupos y encontraron que las c\u00e9lulas extra\u00eddas de los ratones con menor respuesta a los colores cambiaban m\u00e1s despacio en comparaci\u00f3n con las c\u00e9lulas extra\u00eddas de los ratones que s\u00ed percib\u00edan cambios en los colores y las sombras. Esto prueba que existe una conexi\u00f3n entre el color y la estimulaci\u00f3n SCN.<\/p>\n<p>Este estudio puede ayudar a las personas que sufren de depresi\u00f3n estacional y a aquellas que sufren de descompensaci\u00f3n horaria por medio de la utilizaci\u00f3n de colores que estimulen el SCN cuando \u00e9ste no est\u00e1 sincronizado. El tratamiento puede llevar a\u00f1os, pero el entendimiento de c\u00f3mo los efectos del color y las sombras de luz afecta nuestro reloj biol\u00f3gico, esta ahora comenzando a ser entendido.<\/p>\n","protected":false},"featured_media":12350,"template":"","learning_center_categories":[1782],"class_list":["post-12758","blog","type-blog","status-publish","has-post-thumbnail","hentry","learning_center_categories-light-display-measurement-mx"],"acf":[],"yoast_head":"<!-- This site is optimized with the Yoast SEO Premium plugin v24.4 (Yoast SEO v24.4) - https:\/\/yoast.com\/wordpress\/plugins\/seo\/ -->\r\n<title>\u00bfPuede el Color Afectar su Reloj Biol\u00f3gico? La respuesta lo puede sorprender - Konica Minolta Sensing<\/title>\r\n<meta name=\"robots\" content=\"index, follow, max-snippet:-1, max-image-preview:large, max-video-preview:-1\" \/>\r\n<link rel=\"canonical\" href=\"https:\/\/sensing.konicaminolta.us\/mx\/blog\/puede-el-color-afectar-su-reloj-biologico-la-respuesta-lo-puede-sorprender\/\" \/>\r\n<meta property=\"og:locale\" content=\"es_MX\" \/>\r\n<meta property=\"og:type\" content=\"article\" \/>\r\n<meta property=\"og:title\" content=\"\u00bfPuede el Color Afectar su Reloj Biol\u00f3gico? La respuesta lo puede sorprender\" \/>\r\n<meta property=\"og:description\" content=\"Todos sabemos que la luz afecta nuestro ritmo circadiano. Ahora los cient\u00edficos est\u00e1n descubriendo que no s\u00f3lo es la cantidad de luz sino tambi\u00e9n el color\" \/>\r\n<meta property=\"og:url\" content=\"https:\/\/sensing.konicaminolta.us\/mx\/blog\/puede-el-color-afectar-su-reloj-biologico-la-respuesta-lo-puede-sorprender\/\" \/>\r\n<meta property=\"og:site_name\" content=\"Konica Minolta Sensing\" \/>\r\n<meta property=\"article:publisher\" content=\"https:\/\/www.facebook.com\/KonicaMinoltaSensingAmericas\" \/>\r\n<meta property=\"article:modified_time\" content=\"2020-03-24T05:13:53+00:00\" \/>\r\n<meta property=\"og:image\" content=\"https:\/\/sensing.konicaminolta.us\/wp-content\/uploads\/internalclock.jpg\" \/>\r\n\t<meta property=\"og:image:width\" content=\"450\" \/>\r\n\t<meta property=\"og:image:height\" content=\"300\" \/>\r\n\t<meta property=\"og:image:type\" content=\"image\/jpeg\" \/>\r\n<meta name=\"twitter:card\" content=\"summary_large_image\" \/>\r\n<meta name=\"twitter:site\" content=\"@KMSensingUS\" \/>\r\n<meta name=\"twitter:label1\" content=\"Tiempo de lectura\" \/>\n\t<meta name=\"twitter:data1\" content=\"2 minutos\" \/>\r\n<script type=\"application\/ld+json\" class=\"yoast-schema-graph\">{\"@context\":\"https:\/\/schema.org\",\"@graph\":[{\"@type\":\"WebPage\",\"@id\":\"https:\/\/sensing.konicaminolta.us\/mx\/blog\/puede-el-color-afectar-su-reloj-biologico-la-respuesta-lo-puede-sorprender\/\",\"url\":\"https:\/\/sensing.konicaminolta.us\/mx\/blog\/puede-el-color-afectar-su-reloj-biologico-la-respuesta-lo-puede-sorprender\/\",\"name\":\"\u00bfPuede el Color Afectar su Reloj Biol\u00f3gico? La respuesta lo puede sorprender - Konica Minolta Sensing\",\"isPartOf\":{\"@id\":\"https:\/\/sensing.konicaminolta.us\/mx\/#website\"},\"primaryImageOfPage\":{\"@id\":\"https:\/\/sensing.konicaminolta.us\/mx\/blog\/puede-el-color-afectar-su-reloj-biologico-la-respuesta-lo-puede-sorprender\/#primaryimage\"},\"image\":{\"@id\":\"https:\/\/sensing.konicaminolta.us\/mx\/blog\/puede-el-color-afectar-su-reloj-biologico-la-respuesta-lo-puede-sorprender\/#primaryimage\"},\"thumbnailUrl\":\"https:\/\/sensing.konicaminolta.us\/wp-content\/uploads\/internalclock.jpg\",\"datePublished\":\"2016-03-08T19:50:55+00:00\",\"dateModified\":\"2020-03-24T05:13:53+00:00\",\"breadcrumb\":{\"@id\":\"https:\/\/sensing.konicaminolta.us\/mx\/blog\/puede-el-color-afectar-su-reloj-biologico-la-respuesta-lo-puede-sorprender\/#breadcrumb\"},\"inLanguage\":\"es\",\"potentialAction\":[{\"@type\":\"ReadAction\",\"target\":[\"https:\/\/sensing.konicaminolta.us\/mx\/blog\/puede-el-color-afectar-su-reloj-biologico-la-respuesta-lo-puede-sorprender\/\"]}]},{\"@type\":\"ImageObject\",\"inLanguage\":\"es\",\"@id\":\"https:\/\/sensing.konicaminolta.us\/mx\/blog\/puede-el-color-afectar-su-reloj-biologico-la-respuesta-lo-puede-sorprender\/#primaryimage\",\"url\":\"https:\/\/sensing.konicaminolta.us\/wp-content\/uploads\/internalclock.jpg\",\"contentUrl\":\"https:\/\/sensing.konicaminolta.us\/wp-content\/uploads\/internalclock.jpg\",\"width\":450,\"height\":300,\"caption\":\"\u00bfPuede el Color Afectar su Reloj Biol\u00f3gico? La respuesta lo puede sorprender\"},{\"@type\":\"BreadcrumbList\",\"@id\":\"https:\/\/sensing.konicaminolta.us\/mx\/blog\/puede-el-color-afectar-su-reloj-biologico-la-respuesta-lo-puede-sorprender\/#breadcrumb\",\"itemListElement\":[{\"@type\":\"ListItem\",\"position\":1,\"name\":\"Home\",\"item\":\"https:\/\/sensing.konicaminolta.us\/mx\/\"},{\"@type\":\"ListItem\",\"position\":2,\"name\":\"\u00bfPuede el Color Afectar su Reloj Biol\u00f3gico? La respuesta lo puede sorprender\"}]},{\"@type\":\"WebSite\",\"@id\":\"https:\/\/sensing.konicaminolta.us\/mx\/#website\",\"url\":\"https:\/\/sensing.konicaminolta.us\/mx\/\",\"name\":\"Konica Minolta Sensing\",\"description\":\"Color, Light, and LED Measuring Instruments\",\"publisher\":{\"@id\":\"https:\/\/sensing.konicaminolta.us\/mx\/#organization\"},\"potentialAction\":[{\"@type\":\"SearchAction\",\"target\":{\"@type\":\"EntryPoint\",\"urlTemplate\":\"https:\/\/sensing.konicaminolta.us\/mx\/?s={search_term_string}\"},\"query-input\":{\"@type\":\"PropertyValueSpecification\",\"valueRequired\":true,\"valueName\":\"search_term_string\"}}],\"inLanguage\":\"es\"},{\"@type\":\"Organization\",\"@id\":\"https:\/\/sensing.konicaminolta.us\/mx\/#organization\",\"name\":\"Konica Minolta Sensing Americas\",\"url\":\"https:\/\/sensing.konicaminolta.us\/mx\/\",\"logo\":{\"@type\":\"ImageObject\",\"inLanguage\":\"es\",\"@id\":\"https:\/\/sensing.konicaminolta.us\/mx\/#\/schema\/logo\/image\/\",\"url\":\"https:\/\/sensing.konicaminolta.us\/wp-content\/uploads\/kmsa-vertical.png\",\"contentUrl\":\"https:\/\/sensing.konicaminolta.us\/wp-content\/uploads\/kmsa-vertical.png\",\"width\":195,\"height\":135,\"caption\":\"Konica Minolta Sensing Americas\"},\"image\":{\"@id\":\"https:\/\/sensing.konicaminolta.us\/mx\/#\/schema\/logo\/image\/\"},\"sameAs\":[\"https:\/\/www.facebook.com\/KonicaMinoltaSensingAmericas\",\"https:\/\/x.com\/KMSensingUS\",\"https:\/\/www.instagram.com\/kmsensingus\/\",\"http:\/\/www.linkedin.com\/company\/531676?trk=tyah\",\"https:\/\/www.pinterest.com\/KMSensingUS\/\",\"http:\/\/www.youtube.com\/KonicaMinoltaSense\"]}]}<\/script>\r\n<!-- \/ Yoast SEO Premium plugin. -->","yoast_head_json":{"title":"\u00bfPuede el Color Afectar su Reloj Biol\u00f3gico? La respuesta lo puede sorprender - Konica Minolta Sensing","robots":{"index":"index","follow":"follow","max-snippet":"max-snippet:-1","max-image-preview":"max-image-preview:large","max-video-preview":"max-video-preview:-1"},"canonical":"https:\/\/sensing.konicaminolta.us\/mx\/blog\/puede-el-color-afectar-su-reloj-biologico-la-respuesta-lo-puede-sorprender\/","og_locale":"es_MX","og_type":"article","og_title":"\u00bfPuede el Color Afectar su Reloj Biol\u00f3gico? La respuesta lo puede sorprender","og_description":"Todos sabemos que la luz afecta nuestro ritmo circadiano. Ahora los cient\u00edficos est\u00e1n descubriendo que no s\u00f3lo es la cantidad de luz sino tambi\u00e9n el color","og_url":"https:\/\/sensing.konicaminolta.us\/mx\/blog\/puede-el-color-afectar-su-reloj-biologico-la-respuesta-lo-puede-sorprender\/","og_site_name":"Konica Minolta Sensing","article_publisher":"https:\/\/www.facebook.com\/KonicaMinoltaSensingAmericas","article_modified_time":"2020-03-24T05:13:53+00:00","og_image":[{"width":450,"height":300,"url":"https:\/\/sensing.konicaminolta.us\/wp-content\/uploads\/internalclock.jpg","type":"image\/jpeg"}],"twitter_card":"summary_large_image","twitter_site":"@KMSensingUS","twitter_misc":{"Tiempo de lectura":"2 minutos"},"schema":{"@context":"https:\/\/schema.org","@graph":[{"@type":"WebPage","@id":"https:\/\/sensing.konicaminolta.us\/mx\/blog\/puede-el-color-afectar-su-reloj-biologico-la-respuesta-lo-puede-sorprender\/","url":"https:\/\/sensing.konicaminolta.us\/mx\/blog\/puede-el-color-afectar-su-reloj-biologico-la-respuesta-lo-puede-sorprender\/","name":"\u00bfPuede el Color Afectar su Reloj Biol\u00f3gico? La respuesta lo puede sorprender - Konica Minolta Sensing","isPartOf":{"@id":"https:\/\/sensing.konicaminolta.us\/mx\/#website"},"primaryImageOfPage":{"@id":"https:\/\/sensing.konicaminolta.us\/mx\/blog\/puede-el-color-afectar-su-reloj-biologico-la-respuesta-lo-puede-sorprender\/#primaryimage"},"image":{"@id":"https:\/\/sensing.konicaminolta.us\/mx\/blog\/puede-el-color-afectar-su-reloj-biologico-la-respuesta-lo-puede-sorprender\/#primaryimage"},"thumbnailUrl":"https:\/\/sensing.konicaminolta.us\/wp-content\/uploads\/internalclock.jpg","datePublished":"2016-03-08T19:50:55+00:00","dateModified":"2020-03-24T05:13:53+00:00","breadcrumb":{"@id":"https:\/\/sensing.konicaminolta.us\/mx\/blog\/puede-el-color-afectar-su-reloj-biologico-la-respuesta-lo-puede-sorprender\/#breadcrumb"},"inLanguage":"es","potentialAction":[{"@type":"ReadAction","target":["https:\/\/sensing.konicaminolta.us\/mx\/blog\/puede-el-color-afectar-su-reloj-biologico-la-respuesta-lo-puede-sorprender\/"]}]},{"@type":"ImageObject","inLanguage":"es","@id":"https:\/\/sensing.konicaminolta.us\/mx\/blog\/puede-el-color-afectar-su-reloj-biologico-la-respuesta-lo-puede-sorprender\/#primaryimage","url":"https:\/\/sensing.konicaminolta.us\/wp-content\/uploads\/internalclock.jpg","contentUrl":"https:\/\/sensing.konicaminolta.us\/wp-content\/uploads\/internalclock.jpg","width":450,"height":300,"caption":"\u00bfPuede el Color Afectar su Reloj Biol\u00f3gico? La respuesta lo puede sorprender"},{"@type":"BreadcrumbList","@id":"https:\/\/sensing.konicaminolta.us\/mx\/blog\/puede-el-color-afectar-su-reloj-biologico-la-respuesta-lo-puede-sorprender\/#breadcrumb","itemListElement":[{"@type":"ListItem","position":1,"name":"Home","item":"https:\/\/sensing.konicaminolta.us\/mx\/"},{"@type":"ListItem","position":2,"name":"\u00bfPuede el Color Afectar su Reloj Biol\u00f3gico? La respuesta lo puede sorprender"}]},{"@type":"WebSite","@id":"https:\/\/sensing.konicaminolta.us\/mx\/#website","url":"https:\/\/sensing.konicaminolta.us\/mx\/","name":"Konica Minolta Sensing","description":"Color, Light, and LED Measuring Instruments","publisher":{"@id":"https:\/\/sensing.konicaminolta.us\/mx\/#organization"},"potentialAction":[{"@type":"SearchAction","target":{"@type":"EntryPoint","urlTemplate":"https:\/\/sensing.konicaminolta.us\/mx\/?s={search_term_string}"},"query-input":{"@type":"PropertyValueSpecification","valueRequired":true,"valueName":"search_term_string"}}],"inLanguage":"es"},{"@type":"Organization","@id":"https:\/\/sensing.konicaminolta.us\/mx\/#organization","name":"Konica Minolta Sensing Americas","url":"https:\/\/sensing.konicaminolta.us\/mx\/","logo":{"@type":"ImageObject","inLanguage":"es","@id":"https:\/\/sensing.konicaminolta.us\/mx\/#\/schema\/logo\/image\/","url":"https:\/\/sensing.konicaminolta.us\/wp-content\/uploads\/kmsa-vertical.png","contentUrl":"https:\/\/sensing.konicaminolta.us\/wp-content\/uploads\/kmsa-vertical.png","width":195,"height":135,"caption":"Konica Minolta Sensing Americas"},"image":{"@id":"https:\/\/sensing.konicaminolta.us\/mx\/#\/schema\/logo\/image\/"},"sameAs":["https:\/\/www.facebook.com\/KonicaMinoltaSensingAmericas","https:\/\/x.com\/KMSensingUS","https:\/\/www.instagram.com\/kmsensingus\/","http:\/\/www.linkedin.com\/company\/531676?trk=tyah","https:\/\/www.pinterest.com\/KMSensingUS\/","http:\/\/www.youtube.com\/KonicaMinoltaSense"]}]}},"_links":{"self":[{"href":"https:\/\/sensing.konicaminolta.us\/mx\/wp-json\/wp\/v2\/blog\/12758","targetHints":{"allow":["GET"]}}],"collection":[{"href":"https:\/\/sensing.konicaminolta.us\/mx\/wp-json\/wp\/v2\/blog"}],"about":[{"href":"https:\/\/sensing.konicaminolta.us\/mx\/wp-json\/wp\/v2\/types\/blog"}],"wp:featuredmedia":[{"embeddable":true,"href":"https:\/\/sensing.konicaminolta.us\/mx\/wp-json\/wp\/v2\/media\/12350"}],"wp:attachment":[{"href":"https:\/\/sensing.konicaminolta.us\/mx\/wp-json\/wp\/v2\/media?parent=12758"}],"wp:term":[{"taxonomy":"learning_center_categories","embeddable":true,"href":"https:\/\/sensing.konicaminolta.us\/mx\/wp-json\/wp\/v2\/learning_center_categories?post=12758"}],"curies":[{"name":"wp","href":"https:\/\/api.w.org\/{rel}","templated":true}]}}