{"id":12761,"date":"2018-07-31T19:53:28","date_gmt":"2018-07-31T23:53:28","guid":{"rendered":"https:\/\/sensing.konicaminolta.us\/blog\/puede-la-luz-colorida-afectar-nuestra-mente-cuerpo\/"},"modified":"2020-03-23T23:15:54","modified_gmt":"2020-03-24T03:15:54","slug":"puede-la-luz-colorida-afectar-nuestra-mente-cuerpo","status":"publish","type":"blog","link":"https:\/\/sensing.konicaminolta.us\/mx\/blog\/puede-la-luz-colorida-afectar-nuestra-mente-cuerpo\/","title":{"rendered":"\u00bfPuede la luz colorida afectar nuestra mente y cuerpo?"},"content":{"rendered":"<p>Si bien la luz azul tiende a interrumpir nuestro dormir mientras que la luz roja ayuda a descansar en forma m\u00e1s profunda y relajada, estos efectos parecen contrarios a c\u00f3mo estos tipos de luz nos influyen f\u00edsica y emocionalmente. Seg\u00fan un profesor especializado en color de la Universidad de Leeds, la luz azul disminuye en realidad los latidos del coraz\u00f3n y posee un efecto calmo, mientras que la luz roja aumenta la irritaci\u00f3n.<\/p>\n<p>Este cambio psicol\u00f3gico puede ser atribuido al hipot\u00e1lamo, una parte del cerebro que segrega las hormonas responsables por la temperatura de nuestro cuerpo, los patrones de dormir, y el apetito, entre otras cosas. Cuando la luz entra en nuestros ojos, las c\u00e9lulas del ganglio retinal env\u00edan se\u00f1ales al hipot\u00e1lamo para segregar hormonas, y la cantidad que segrega depende del color de la luz.<\/p>\n<p>Debido al efecto relajante del azul, hay motivos para creer que \u00e9ste puede hacer que la gente sea menos impulsiva. En el 2009, se instalaron luces azules en algunas estaciones de trenes de Tokio con la intenci\u00f3n de reducir la tendencia al suicidio. Si bien existe poca evidencia cient\u00edfica que sostenga que las luces azules reducen espec\u00edficamente el impulso, el porcentaje de suicidio se redujo un 74% en las plataformas de trenes de Tokio que ten\u00edan instaladas estas luces azules. Inspirados por estos resultados prominentes, algunas estaciones de Inglaterra tambi\u00e9n instalaron subsecuentemente luces azules similares.<\/p>\n<p>Para que las luces puedan irradiar sombras de azul m\u00e1s eficientes y tranquilas, se requieren instrumentos de medici\u00f3n de color y luz de alta precisi\u00f3n, como los ofrecidos por Konica Minolta Sensing. Con los Medidores de Luminancia y Color <a href=\"http:\/\/sensing.konicaminolta.com.mx\/products\/cs-150-luminance-and-color-meter\/\">CS-150<\/a> y <a href=\"http:\/\/sensing.konicaminolta.com.mx\/products\/cs-160-luminance-and-color-meter\/\">CS-160<\/a>, el an\u00e1lisis de la luz y color, el cumplimiento de los est\u00e1ndares y el mantenimiento de la consistencia, se hace cada vez m\u00e1s sencillo.<\/p>\n","protected":false},"featured_media":1531,"template":"","learning_center_categories":[1782],"class_list":["post-12761","blog","type-blog","status-publish","has-post-thumbnail","hentry","learning_center_categories-light-display-measurement-mx"],"acf":[],"yoast_head":"<!-- This site is optimized with the Yoast SEO Premium plugin v24.4 (Yoast SEO v24.4) - https:\/\/yoast.com\/wordpress\/plugins\/seo\/ -->\r\n<title>\u00bfPuede la luz colorida afectar nuestra mente y cuerpo? - Konica Minolta Sensing<\/title>\r\n<meta name=\"robots\" content=\"index, follow, max-snippet:-1, max-image-preview:large, max-video-preview:-1\" \/>\r\n<link rel=\"canonical\" href=\"https:\/\/sensing.konicaminolta.us\/mx\/blog\/puede-la-luz-colorida-afectar-nuestra-mente-cuerpo\/\" \/>\r\n<meta property=\"og:locale\" content=\"es_MX\" \/>\r\n<meta property=\"og:type\" content=\"article\" \/>\r\n<meta property=\"og:title\" content=\"\u00bfPuede la luz colorida afectar nuestra mente y cuerpo?\" \/>\r\n<meta property=\"og:description\" content=\"Si bien la luz azul tiende a interrumpir nuestro dormir mientras que la luz roja ayuda a descansar en forma m\u00e1s profunda y relajada, estos efectos parecen\" \/>\r\n<meta property=\"og:url\" content=\"https:\/\/sensing.konicaminolta.us\/mx\/blog\/puede-la-luz-colorida-afectar-nuestra-mente-cuerpo\/\" \/>\r\n<meta property=\"og:site_name\" content=\"Konica Minolta Sensing\" \/>\r\n<meta property=\"article:publisher\" content=\"https:\/\/www.facebook.com\/KonicaMinoltaSensingAmericas\" \/>\r\n<meta property=\"article:modified_time\" content=\"2020-03-24T03:15:54+00:00\" \/>\r\n<meta property=\"og:image\" content=\"https:\/\/sensing.konicaminolta.us\/wp-content\/uploads\/us-colored-light-mind-body-blog-20s4ng3727.jpg\" \/>\r\n\t<meta property=\"og:image:width\" content=\"400\" \/>\r\n\t<meta property=\"og:image:height\" content=\"267\" \/>\r\n\t<meta property=\"og:image:type\" content=\"image\/jpeg\" \/>\r\n<meta name=\"twitter:card\" content=\"summary_large_image\" \/>\r\n<meta name=\"twitter:site\" content=\"@KMSensingUS\" \/>\r\n<meta name=\"twitter:label1\" content=\"Tiempo de lectura\" \/>\n\t<meta name=\"twitter:data1\" content=\"2 minutos\" \/>\r\n<script type=\"application\/ld+json\" class=\"yoast-schema-graph\">{\"@context\":\"https:\/\/schema.org\",\"@graph\":[{\"@type\":\"WebPage\",\"@id\":\"https:\/\/sensing.konicaminolta.us\/mx\/blog\/puede-la-luz-colorida-afectar-nuestra-mente-cuerpo\/\",\"url\":\"https:\/\/sensing.konicaminolta.us\/mx\/blog\/puede-la-luz-colorida-afectar-nuestra-mente-cuerpo\/\",\"name\":\"\u00bfPuede la luz colorida afectar nuestra mente y cuerpo? - Konica Minolta Sensing\",\"isPartOf\":{\"@id\":\"https:\/\/sensing.konicaminolta.us\/mx\/#website\"},\"primaryImageOfPage\":{\"@id\":\"https:\/\/sensing.konicaminolta.us\/mx\/blog\/puede-la-luz-colorida-afectar-nuestra-mente-cuerpo\/#primaryimage\"},\"image\":{\"@id\":\"https:\/\/sensing.konicaminolta.us\/mx\/blog\/puede-la-luz-colorida-afectar-nuestra-mente-cuerpo\/#primaryimage\"},\"thumbnailUrl\":\"https:\/\/sensing.konicaminolta.us\/wp-content\/uploads\/us-colored-light-mind-body-blog-20s4ng3727.jpg\",\"datePublished\":\"2018-07-31T23:53:28+00:00\",\"dateModified\":\"2020-03-24T03:15:54+00:00\",\"breadcrumb\":{\"@id\":\"https:\/\/sensing.konicaminolta.us\/mx\/blog\/puede-la-luz-colorida-afectar-nuestra-mente-cuerpo\/#breadcrumb\"},\"inLanguage\":\"es\",\"potentialAction\":[{\"@type\":\"ReadAction\",\"target\":[\"https:\/\/sensing.konicaminolta.us\/mx\/blog\/puede-la-luz-colorida-afectar-nuestra-mente-cuerpo\/\"]}]},{\"@type\":\"ImageObject\",\"inLanguage\":\"es\",\"@id\":\"https:\/\/sensing.konicaminolta.us\/mx\/blog\/puede-la-luz-colorida-afectar-nuestra-mente-cuerpo\/#primaryimage\",\"url\":\"https:\/\/sensing.konicaminolta.us\/wp-content\/uploads\/us-colored-light-mind-body-blog-20s4ng3727.jpg\",\"contentUrl\":\"https:\/\/sensing.konicaminolta.us\/wp-content\/uploads\/us-colored-light-mind-body-blog-20s4ng3727.jpg\",\"width\":400,\"height\":267,\"caption\":\"\u00bfPuede la luz colorida afectar nuestra mente y cuerpo?\"},{\"@type\":\"BreadcrumbList\",\"@id\":\"https:\/\/sensing.konicaminolta.us\/mx\/blog\/puede-la-luz-colorida-afectar-nuestra-mente-cuerpo\/#breadcrumb\",\"itemListElement\":[{\"@type\":\"ListItem\",\"position\":1,\"name\":\"Home\",\"item\":\"https:\/\/sensing.konicaminolta.us\/mx\/\"},{\"@type\":\"ListItem\",\"position\":2,\"name\":\"\u00bfPuede la luz colorida afectar nuestra mente y cuerpo?\"}]},{\"@type\":\"WebSite\",\"@id\":\"https:\/\/sensing.konicaminolta.us\/mx\/#website\",\"url\":\"https:\/\/sensing.konicaminolta.us\/mx\/\",\"name\":\"Konica Minolta Sensing\",\"description\":\"Color, Light, and LED Measuring Instruments\",\"publisher\":{\"@id\":\"https:\/\/sensing.konicaminolta.us\/mx\/#organization\"},\"potentialAction\":[{\"@type\":\"SearchAction\",\"target\":{\"@type\":\"EntryPoint\",\"urlTemplate\":\"https:\/\/sensing.konicaminolta.us\/mx\/?s={search_term_string}\"},\"query-input\":{\"@type\":\"PropertyValueSpecification\",\"valueRequired\":true,\"valueName\":\"search_term_string\"}}],\"inLanguage\":\"es\"},{\"@type\":\"Organization\",\"@id\":\"https:\/\/sensing.konicaminolta.us\/mx\/#organization\",\"name\":\"Konica Minolta Sensing Americas\",\"url\":\"https:\/\/sensing.konicaminolta.us\/mx\/\",\"logo\":{\"@type\":\"ImageObject\",\"inLanguage\":\"es\",\"@id\":\"https:\/\/sensing.konicaminolta.us\/mx\/#\/schema\/logo\/image\/\",\"url\":\"https:\/\/sensing.konicaminolta.us\/wp-content\/uploads\/kmsa-vertical.png\",\"contentUrl\":\"https:\/\/sensing.konicaminolta.us\/wp-content\/uploads\/kmsa-vertical.png\",\"width\":195,\"height\":135,\"caption\":\"Konica Minolta Sensing Americas\"},\"image\":{\"@id\":\"https:\/\/sensing.konicaminolta.us\/mx\/#\/schema\/logo\/image\/\"},\"sameAs\":[\"https:\/\/www.facebook.com\/KonicaMinoltaSensingAmericas\",\"https:\/\/x.com\/KMSensingUS\",\"https:\/\/www.instagram.com\/kmsensingus\/\",\"http:\/\/www.linkedin.com\/company\/531676?trk=tyah\",\"https:\/\/www.pinterest.com\/KMSensingUS\/\",\"http:\/\/www.youtube.com\/KonicaMinoltaSense\"]}]}<\/script>\r\n<!-- \/ Yoast SEO Premium plugin. -->","yoast_head_json":{"title":"\u00bfPuede la luz colorida afectar nuestra mente y cuerpo? - Konica Minolta Sensing","robots":{"index":"index","follow":"follow","max-snippet":"max-snippet:-1","max-image-preview":"max-image-preview:large","max-video-preview":"max-video-preview:-1"},"canonical":"https:\/\/sensing.konicaminolta.us\/mx\/blog\/puede-la-luz-colorida-afectar-nuestra-mente-cuerpo\/","og_locale":"es_MX","og_type":"article","og_title":"\u00bfPuede la luz colorida afectar nuestra mente y cuerpo?","og_description":"Si bien la luz azul tiende a interrumpir nuestro dormir mientras que la luz roja ayuda a descansar en forma m\u00e1s profunda y relajada, estos efectos parecen","og_url":"https:\/\/sensing.konicaminolta.us\/mx\/blog\/puede-la-luz-colorida-afectar-nuestra-mente-cuerpo\/","og_site_name":"Konica Minolta Sensing","article_publisher":"https:\/\/www.facebook.com\/KonicaMinoltaSensingAmericas","article_modified_time":"2020-03-24T03:15:54+00:00","og_image":[{"width":400,"height":267,"url":"https:\/\/sensing.konicaminolta.us\/wp-content\/uploads\/us-colored-light-mind-body-blog-20s4ng3727.jpg","type":"image\/jpeg"}],"twitter_card":"summary_large_image","twitter_site":"@KMSensingUS","twitter_misc":{"Tiempo de lectura":"2 minutos"},"schema":{"@context":"https:\/\/schema.org","@graph":[{"@type":"WebPage","@id":"https:\/\/sensing.konicaminolta.us\/mx\/blog\/puede-la-luz-colorida-afectar-nuestra-mente-cuerpo\/","url":"https:\/\/sensing.konicaminolta.us\/mx\/blog\/puede-la-luz-colorida-afectar-nuestra-mente-cuerpo\/","name":"\u00bfPuede la luz colorida afectar nuestra mente y cuerpo? - Konica Minolta Sensing","isPartOf":{"@id":"https:\/\/sensing.konicaminolta.us\/mx\/#website"},"primaryImageOfPage":{"@id":"https:\/\/sensing.konicaminolta.us\/mx\/blog\/puede-la-luz-colorida-afectar-nuestra-mente-cuerpo\/#primaryimage"},"image":{"@id":"https:\/\/sensing.konicaminolta.us\/mx\/blog\/puede-la-luz-colorida-afectar-nuestra-mente-cuerpo\/#primaryimage"},"thumbnailUrl":"https:\/\/sensing.konicaminolta.us\/wp-content\/uploads\/us-colored-light-mind-body-blog-20s4ng3727.jpg","datePublished":"2018-07-31T23:53:28+00:00","dateModified":"2020-03-24T03:15:54+00:00","breadcrumb":{"@id":"https:\/\/sensing.konicaminolta.us\/mx\/blog\/puede-la-luz-colorida-afectar-nuestra-mente-cuerpo\/#breadcrumb"},"inLanguage":"es","potentialAction":[{"@type":"ReadAction","target":["https:\/\/sensing.konicaminolta.us\/mx\/blog\/puede-la-luz-colorida-afectar-nuestra-mente-cuerpo\/"]}]},{"@type":"ImageObject","inLanguage":"es","@id":"https:\/\/sensing.konicaminolta.us\/mx\/blog\/puede-la-luz-colorida-afectar-nuestra-mente-cuerpo\/#primaryimage","url":"https:\/\/sensing.konicaminolta.us\/wp-content\/uploads\/us-colored-light-mind-body-blog-20s4ng3727.jpg","contentUrl":"https:\/\/sensing.konicaminolta.us\/wp-content\/uploads\/us-colored-light-mind-body-blog-20s4ng3727.jpg","width":400,"height":267,"caption":"\u00bfPuede la luz colorida afectar nuestra mente y cuerpo?"},{"@type":"BreadcrumbList","@id":"https:\/\/sensing.konicaminolta.us\/mx\/blog\/puede-la-luz-colorida-afectar-nuestra-mente-cuerpo\/#breadcrumb","itemListElement":[{"@type":"ListItem","position":1,"name":"Home","item":"https:\/\/sensing.konicaminolta.us\/mx\/"},{"@type":"ListItem","position":2,"name":"\u00bfPuede la luz colorida afectar nuestra mente y cuerpo?"}]},{"@type":"WebSite","@id":"https:\/\/sensing.konicaminolta.us\/mx\/#website","url":"https:\/\/sensing.konicaminolta.us\/mx\/","name":"Konica Minolta Sensing","description":"Color, Light, and LED Measuring Instruments","publisher":{"@id":"https:\/\/sensing.konicaminolta.us\/mx\/#organization"},"potentialAction":[{"@type":"SearchAction","target":{"@type":"EntryPoint","urlTemplate":"https:\/\/sensing.konicaminolta.us\/mx\/?s={search_term_string}"},"query-input":{"@type":"PropertyValueSpecification","valueRequired":true,"valueName":"search_term_string"}}],"inLanguage":"es"},{"@type":"Organization","@id":"https:\/\/sensing.konicaminolta.us\/mx\/#organization","name":"Konica Minolta Sensing Americas","url":"https:\/\/sensing.konicaminolta.us\/mx\/","logo":{"@type":"ImageObject","inLanguage":"es","@id":"https:\/\/sensing.konicaminolta.us\/mx\/#\/schema\/logo\/image\/","url":"https:\/\/sensing.konicaminolta.us\/wp-content\/uploads\/kmsa-vertical.png","contentUrl":"https:\/\/sensing.konicaminolta.us\/wp-content\/uploads\/kmsa-vertical.png","width":195,"height":135,"caption":"Konica Minolta Sensing Americas"},"image":{"@id":"https:\/\/sensing.konicaminolta.us\/mx\/#\/schema\/logo\/image\/"},"sameAs":["https:\/\/www.facebook.com\/KonicaMinoltaSensingAmericas","https:\/\/x.com\/KMSensingUS","https:\/\/www.instagram.com\/kmsensingus\/","http:\/\/www.linkedin.com\/company\/531676?trk=tyah","https:\/\/www.pinterest.com\/KMSensingUS\/","http:\/\/www.youtube.com\/KonicaMinoltaSense"]}]}},"_links":{"self":[{"href":"https:\/\/sensing.konicaminolta.us\/mx\/wp-json\/wp\/v2\/blog\/12761","targetHints":{"allow":["GET"]}}],"collection":[{"href":"https:\/\/sensing.konicaminolta.us\/mx\/wp-json\/wp\/v2\/blog"}],"about":[{"href":"https:\/\/sensing.konicaminolta.us\/mx\/wp-json\/wp\/v2\/types\/blog"}],"wp:featuredmedia":[{"embeddable":true,"href":"https:\/\/sensing.konicaminolta.us\/mx\/wp-json\/wp\/v2\/media\/1531"}],"wp:attachment":[{"href":"https:\/\/sensing.konicaminolta.us\/mx\/wp-json\/wp\/v2\/media?parent=12761"}],"wp:term":[{"taxonomy":"learning_center_categories","embeddable":true,"href":"https:\/\/sensing.konicaminolta.us\/mx\/wp-json\/wp\/v2\/learning_center_categories?post=12761"}],"curies":[{"name":"wp","href":"https:\/\/api.w.org\/{rel}","templated":true}]}}