{"id":12786,"date":"2014-03-07T18:27:30","date_gmt":"2014-03-07T23:27:30","guid":{"rendered":"https:\/\/sensing.konicaminolta.us\/blog\/causas-y-efectos-de-la-deficiencia-de-la-vision-del-color\/"},"modified":"2020-03-24T15:45:06","modified_gmt":"2020-03-24T19:45:06","slug":"causas-y-efectos-de-la-deficiencia-de-la-vision-del-color","status":"publish","type":"blog","link":"https:\/\/sensing.konicaminolta.us\/mx\/blog\/causas-y-efectos-de-la-deficiencia-de-la-vision-del-color\/","title":{"rendered":"Causas y efectos de la deficiencia de la vision del color"},"content":{"rendered":"<p>\u00bfSab\u00eda usted que al menos 1 de cada 12 hombres tienen deficiencia en la visi\u00f3n del color, y que no son capaces de distinguir el rojo del verde? Para cualquier persona con la visi\u00f3n de color >;normal >;, esto es dif\u00edcil de imaginar. La deficiencia de la visi\u00f3n del color, conocido com\u00fanmente como daltonismo, es la incapacidad de distinguir ciertos tonos de color, como el rojo y el verde o el azul y el amarillo. En casos muy raros, ning\u00fan color es percibido &#8211; s\u00f3lo en negro, blanco y tonos de gris.<\/p>\n<p>Aproximadamente el 8 por ciento de los hombres en el mundo se ven afectados por la deficiencia de color, y s\u00f3lo el 0.5 por ciento, o 1 de cada 200 mujeres.\u00a0 Ir\u00f3nicamente, esta condici\u00f3n generalmente se hereda al nacer de los genes de madres &#8211; sobre todo a sus hijos.<\/p>\n<p><strong>De tal madre,\u00a0 tal hijo<\/strong><\/p>\n<p>Mientras que la deficiencia de la visi\u00f3n del color se puede desarrollar posteriormente en la vida a trav\u00e9s enfermedades, lesiones o ciertos medicamentos, es muy com\u00fan heredarla a trav\u00e9s de los genes en el nacimiento. La forma m\u00e1s popular de la deficiencia de la visi\u00f3n del color, conocida como daltonismo rojo-verde, a menudo se transmite a trav\u00e9s de un cromosoma sexual llamado cromosoma X. Los varones tienen cromosomas X y Y (XY) &#8211; el cromosoma X proviene de la madre y el cromosoma Y es de su padre. Un var\u00f3n nace con deficiencia de color rojo-verde si un cromosoma X hereda el gen de >;deficiencia del color>; de su madre.<\/p>\n<p>Las mujeres tienen dos cromosomas X (XX) &#8211; un cromosoma X es de su madre y un cromosoma X es de su padre. Esto hace que sea menos com\u00fan en las mujeres que nazcan con deficiencia de color rojo-verde porque los dos cromosomas X deber\u00edan heredar el gen de >;deficiencia de color\u201d (uno de cada padre). Si s\u00f3lo uno de estos cromosomas X tiene el gen, la visi\u00f3n del color de ella no es deficiente, pero a\u00fan puede pasar esto a sus hijos al nacer.<\/p>\n<p>Por otra parte, la deficiencia de visi\u00f3n del color azul-amarillo no se produce a causa de los cromosomas X. En su lugar, esta forma de deficiencia del color por lo general se produce debido a una mutaci\u00f3n en uno de los genes no sexuales del cuerpo humano o da\u00f1o en la retina, haciendo que los hombres y las mujeres se vean afectados por igual.<\/p>\n<p><strong>\u00bfC\u00f3mo ve una persona con deficiencia de visi\u00f3n del color?<\/strong><\/p>\n<p>Los conos en la retina del ojo humano juegan un papel integral en la percepci\u00f3n del color, debido a su sensibilidad al color. A cada momento que estamos despiertos y con los ojos abiertos, estos conos est\u00e1n enviando mensajes a nuestro cerebro para traducir el color que vemos frente a nosotros. Hay tres tipos de conos, cada uno sensible a diferentes longitudes de onda de luz &#8211; rojo, verde y azul &#8211; que permiten a las personas percibir una gama de colores. Por ejemplo, cuando se estimulan los conos rojos y azules, el p\u00farpura es percibido. Cuando uno de estos conos no funcionan correctamente, entonces el color parece de manera muy diferente.<\/p>\n<p>En las formas leves de deficiencia de la visi\u00f3n del color, uno o m\u00e1s de los tres conos de la retina no funcionan correctamente. En casos m\u00e1s graves, uno o m\u00e1s de los conos no funcionan en absoluto. Como la deficiencia de la visi\u00f3n del color es muy compleja, hay tres categor\u00edas generales de esta condici\u00f3n:<\/p>\n<ul>\n<li>Deficiencia de color Rojo-Verde: Constituye aproximadamente del 99 por ciento de las personas con deficiencia de la visi\u00f3n del color, la forma m\u00e1s com\u00fan en general, hace que sea dif\u00edcil para una persona distinguir tonos de rojo, verde, marr\u00f3n, naranja, amarillo, azul y tonos de morado.<\/li>\n<li>\u00a0Deficiencia de color Azul-Amarillo: afecta aproximadamente a 1 de cada 10 000 personas, \u00e9sta deficiencia menos com\u00fan hace que sea dif\u00edcil distinguir tonos de azul, amarillo, verde, violeta y rojo.<\/li>\n<li>\u00a0Daltonismo total: Es la forma m\u00e1s grave y poco com\u00fan de la deficiencia de color, la ceguera total a los colores se refiere a cuando una persona no puede percibir el color en absoluto. Afecta \u00a0aproximadamente a 1 de cada 33 000 y su mundo se ve en escala de grises &#8211; s\u00f3lo en negro, blanco y tonos de gris.<\/li>\n<\/ul>\n<p>La deficiencia de la visi\u00f3n del color es una enfermedad cr\u00f3nica que puede hacer la vida m\u00e1s dif\u00edcil. En entornos de fabricaci\u00f3n y de investigaci\u00f3n donde el color es cr\u00edtico para una aplicaci\u00f3n o producto, los instrumentos de medici\u00f3n del color eliminan toda subjetividad mediante la evaluaci\u00f3n,\u00a0 cuantificaci\u00f3n y comunicaci\u00f3n del color de un objeto.<\/p>\n","protected":false},"featured_media":12614,"template":"","learning_center_categories":[1774],"class_list":["post-12786","blog","type-blog","status-publish","has-post-thumbnail","hentry","learning_center_categories-color-appearance-measurement-mx"],"acf":[],"yoast_head":"<!-- This site is optimized with the Yoast SEO Premium plugin v24.4 (Yoast SEO v24.4) - https:\/\/yoast.com\/wordpress\/plugins\/seo\/ -->\r\n<title>Causas y efectos de la deficiencia de la vision del color - Konica Minolta Sensing<\/title>\r\n<meta name=\"robots\" content=\"index, follow, max-snippet:-1, max-image-preview:large, max-video-preview:-1\" \/>\r\n<link rel=\"canonical\" href=\"https:\/\/sensing.konicaminolta.us\/mx\/blog\/causas-y-efectos-de-la-deficiencia-de-la-vision-del-color\/\" \/>\r\n<meta property=\"og:locale\" content=\"es_MX\" \/>\r\n<meta property=\"og:type\" content=\"article\" \/>\r\n<meta property=\"og:title\" content=\"Causas y efectos de la deficiencia de la vision del color\" \/>\r\n<meta property=\"og:description\" content=\"\u00bfSab\u00eda usted que al menos 1 de cada 12 hombres tienen deficiencia en la visi\u00f3n del color, y que no son capaces de distinguir el rojo del verde? Para\" \/>\r\n<meta property=\"og:url\" content=\"https:\/\/sensing.konicaminolta.us\/mx\/blog\/causas-y-efectos-de-la-deficiencia-de-la-vision-del-color\/\" \/>\r\n<meta property=\"og:site_name\" content=\"Konica Minolta Sensing\" \/>\r\n<meta property=\"article:publisher\" content=\"https:\/\/www.facebook.com\/KonicaMinoltaSensingAmericas\" \/>\r\n<meta property=\"article:modified_time\" content=\"2020-03-24T19:45:06+00:00\" \/>\r\n<meta property=\"og:image\" content=\"https:\/\/sensing.konicaminolta.us\/wp-content\/uploads\/causas-y-efectos-de-la-deficiencia-de-la-vision-del-color.png\" \/>\r\n\t<meta property=\"og:image:width\" content=\"802\" \/>\r\n\t<meta property=\"og:image:height\" content=\"509\" \/>\r\n\t<meta property=\"og:image:type\" content=\"image\/png\" \/>\r\n<meta name=\"twitter:card\" content=\"summary_large_image\" \/>\r\n<meta name=\"twitter:site\" content=\"@KMSensingUS\" \/>\r\n<meta name=\"twitter:label1\" content=\"Tiempo de lectura\" \/>\n\t<meta name=\"twitter:data1\" content=\"4 minutos\" \/>\r\n<script type=\"application\/ld+json\" class=\"yoast-schema-graph\">{\"@context\":\"https:\/\/schema.org\",\"@graph\":[{\"@type\":\"WebPage\",\"@id\":\"https:\/\/sensing.konicaminolta.us\/mx\/blog\/causas-y-efectos-de-la-deficiencia-de-la-vision-del-color\/\",\"url\":\"https:\/\/sensing.konicaminolta.us\/mx\/blog\/causas-y-efectos-de-la-deficiencia-de-la-vision-del-color\/\",\"name\":\"Causas y efectos de la deficiencia de la vision del color - Konica Minolta Sensing\",\"isPartOf\":{\"@id\":\"https:\/\/sensing.konicaminolta.us\/mx\/#website\"},\"primaryImageOfPage\":{\"@id\":\"https:\/\/sensing.konicaminolta.us\/mx\/blog\/causas-y-efectos-de-la-deficiencia-de-la-vision-del-color\/#primaryimage\"},\"image\":{\"@id\":\"https:\/\/sensing.konicaminolta.us\/mx\/blog\/causas-y-efectos-de-la-deficiencia-de-la-vision-del-color\/#primaryimage\"},\"thumbnailUrl\":\"https:\/\/sensing.konicaminolta.us\/wp-content\/uploads\/causas-y-efectos-de-la-deficiencia-de-la-vision-del-color.png\",\"datePublished\":\"2014-03-07T23:27:30+00:00\",\"dateModified\":\"2020-03-24T19:45:06+00:00\",\"breadcrumb\":{\"@id\":\"https:\/\/sensing.konicaminolta.us\/mx\/blog\/causas-y-efectos-de-la-deficiencia-de-la-vision-del-color\/#breadcrumb\"},\"inLanguage\":\"es\",\"potentialAction\":[{\"@type\":\"ReadAction\",\"target\":[\"https:\/\/sensing.konicaminolta.us\/mx\/blog\/causas-y-efectos-de-la-deficiencia-de-la-vision-del-color\/\"]}]},{\"@type\":\"ImageObject\",\"inLanguage\":\"es\",\"@id\":\"https:\/\/sensing.konicaminolta.us\/mx\/blog\/causas-y-efectos-de-la-deficiencia-de-la-vision-del-color\/#primaryimage\",\"url\":\"https:\/\/sensing.konicaminolta.us\/wp-content\/uploads\/causas-y-efectos-de-la-deficiencia-de-la-vision-del-color.png\",\"contentUrl\":\"https:\/\/sensing.konicaminolta.us\/wp-content\/uploads\/causas-y-efectos-de-la-deficiencia-de-la-vision-del-color.png\",\"width\":802,\"height\":509,\"caption\":\"Causas y efectos de la deficiencia de la vision del color\"},{\"@type\":\"BreadcrumbList\",\"@id\":\"https:\/\/sensing.konicaminolta.us\/mx\/blog\/causas-y-efectos-de-la-deficiencia-de-la-vision-del-color\/#breadcrumb\",\"itemListElement\":[{\"@type\":\"ListItem\",\"position\":1,\"name\":\"Home\",\"item\":\"https:\/\/sensing.konicaminolta.us\/mx\/\"},{\"@type\":\"ListItem\",\"position\":2,\"name\":\"Causas y efectos de la deficiencia de la vision del color\"}]},{\"@type\":\"WebSite\",\"@id\":\"https:\/\/sensing.konicaminolta.us\/mx\/#website\",\"url\":\"https:\/\/sensing.konicaminolta.us\/mx\/\",\"name\":\"Konica Minolta Sensing\",\"description\":\"Color, Light, and LED Measuring Instruments\",\"publisher\":{\"@id\":\"https:\/\/sensing.konicaminolta.us\/mx\/#organization\"},\"potentialAction\":[{\"@type\":\"SearchAction\",\"target\":{\"@type\":\"EntryPoint\",\"urlTemplate\":\"https:\/\/sensing.konicaminolta.us\/mx\/?s={search_term_string}\"},\"query-input\":{\"@type\":\"PropertyValueSpecification\",\"valueRequired\":true,\"valueName\":\"search_term_string\"}}],\"inLanguage\":\"es\"},{\"@type\":\"Organization\",\"@id\":\"https:\/\/sensing.konicaminolta.us\/mx\/#organization\",\"name\":\"Konica Minolta Sensing Americas\",\"url\":\"https:\/\/sensing.konicaminolta.us\/mx\/\",\"logo\":{\"@type\":\"ImageObject\",\"inLanguage\":\"es\",\"@id\":\"https:\/\/sensing.konicaminolta.us\/mx\/#\/schema\/logo\/image\/\",\"url\":\"https:\/\/sensing.konicaminolta.us\/wp-content\/uploads\/kmsa-vertical.png\",\"contentUrl\":\"https:\/\/sensing.konicaminolta.us\/wp-content\/uploads\/kmsa-vertical.png\",\"width\":195,\"height\":135,\"caption\":\"Konica Minolta Sensing Americas\"},\"image\":{\"@id\":\"https:\/\/sensing.konicaminolta.us\/mx\/#\/schema\/logo\/image\/\"},\"sameAs\":[\"https:\/\/www.facebook.com\/KonicaMinoltaSensingAmericas\",\"https:\/\/x.com\/KMSensingUS\",\"https:\/\/www.instagram.com\/kmsensingus\/\",\"http:\/\/www.linkedin.com\/company\/531676?trk=tyah\",\"https:\/\/www.pinterest.com\/KMSensingUS\/\",\"http:\/\/www.youtube.com\/KonicaMinoltaSense\"]}]}<\/script>\r\n<!-- \/ Yoast SEO Premium plugin. -->","yoast_head_json":{"title":"Causas y efectos de la deficiencia de la vision del color - Konica Minolta Sensing","robots":{"index":"index","follow":"follow","max-snippet":"max-snippet:-1","max-image-preview":"max-image-preview:large","max-video-preview":"max-video-preview:-1"},"canonical":"https:\/\/sensing.konicaminolta.us\/mx\/blog\/causas-y-efectos-de-la-deficiencia-de-la-vision-del-color\/","og_locale":"es_MX","og_type":"article","og_title":"Causas y efectos de la deficiencia de la vision del color","og_description":"\u00bfSab\u00eda usted que al menos 1 de cada 12 hombres tienen deficiencia en la visi\u00f3n del color, y que no son capaces de distinguir el rojo del verde? Para","og_url":"https:\/\/sensing.konicaminolta.us\/mx\/blog\/causas-y-efectos-de-la-deficiencia-de-la-vision-del-color\/","og_site_name":"Konica Minolta Sensing","article_publisher":"https:\/\/www.facebook.com\/KonicaMinoltaSensingAmericas","article_modified_time":"2020-03-24T19:45:06+00:00","og_image":[{"width":802,"height":509,"url":"https:\/\/sensing.konicaminolta.us\/wp-content\/uploads\/causas-y-efectos-de-la-deficiencia-de-la-vision-del-color.png","type":"image\/png"}],"twitter_card":"summary_large_image","twitter_site":"@KMSensingUS","twitter_misc":{"Tiempo de lectura":"4 minutos"},"schema":{"@context":"https:\/\/schema.org","@graph":[{"@type":"WebPage","@id":"https:\/\/sensing.konicaminolta.us\/mx\/blog\/causas-y-efectos-de-la-deficiencia-de-la-vision-del-color\/","url":"https:\/\/sensing.konicaminolta.us\/mx\/blog\/causas-y-efectos-de-la-deficiencia-de-la-vision-del-color\/","name":"Causas y efectos de la deficiencia de la vision del color - Konica Minolta Sensing","isPartOf":{"@id":"https:\/\/sensing.konicaminolta.us\/mx\/#website"},"primaryImageOfPage":{"@id":"https:\/\/sensing.konicaminolta.us\/mx\/blog\/causas-y-efectos-de-la-deficiencia-de-la-vision-del-color\/#primaryimage"},"image":{"@id":"https:\/\/sensing.konicaminolta.us\/mx\/blog\/causas-y-efectos-de-la-deficiencia-de-la-vision-del-color\/#primaryimage"},"thumbnailUrl":"https:\/\/sensing.konicaminolta.us\/wp-content\/uploads\/causas-y-efectos-de-la-deficiencia-de-la-vision-del-color.png","datePublished":"2014-03-07T23:27:30+00:00","dateModified":"2020-03-24T19:45:06+00:00","breadcrumb":{"@id":"https:\/\/sensing.konicaminolta.us\/mx\/blog\/causas-y-efectos-de-la-deficiencia-de-la-vision-del-color\/#breadcrumb"},"inLanguage":"es","potentialAction":[{"@type":"ReadAction","target":["https:\/\/sensing.konicaminolta.us\/mx\/blog\/causas-y-efectos-de-la-deficiencia-de-la-vision-del-color\/"]}]},{"@type":"ImageObject","inLanguage":"es","@id":"https:\/\/sensing.konicaminolta.us\/mx\/blog\/causas-y-efectos-de-la-deficiencia-de-la-vision-del-color\/#primaryimage","url":"https:\/\/sensing.konicaminolta.us\/wp-content\/uploads\/causas-y-efectos-de-la-deficiencia-de-la-vision-del-color.png","contentUrl":"https:\/\/sensing.konicaminolta.us\/wp-content\/uploads\/causas-y-efectos-de-la-deficiencia-de-la-vision-del-color.png","width":802,"height":509,"caption":"Causas y efectos de la deficiencia de la vision del color"},{"@type":"BreadcrumbList","@id":"https:\/\/sensing.konicaminolta.us\/mx\/blog\/causas-y-efectos-de-la-deficiencia-de-la-vision-del-color\/#breadcrumb","itemListElement":[{"@type":"ListItem","position":1,"name":"Home","item":"https:\/\/sensing.konicaminolta.us\/mx\/"},{"@type":"ListItem","position":2,"name":"Causas y efectos de la deficiencia de la vision del color"}]},{"@type":"WebSite","@id":"https:\/\/sensing.konicaminolta.us\/mx\/#website","url":"https:\/\/sensing.konicaminolta.us\/mx\/","name":"Konica Minolta Sensing","description":"Color, Light, and LED Measuring Instruments","publisher":{"@id":"https:\/\/sensing.konicaminolta.us\/mx\/#organization"},"potentialAction":[{"@type":"SearchAction","target":{"@type":"EntryPoint","urlTemplate":"https:\/\/sensing.konicaminolta.us\/mx\/?s={search_term_string}"},"query-input":{"@type":"PropertyValueSpecification","valueRequired":true,"valueName":"search_term_string"}}],"inLanguage":"es"},{"@type":"Organization","@id":"https:\/\/sensing.konicaminolta.us\/mx\/#organization","name":"Konica Minolta Sensing Americas","url":"https:\/\/sensing.konicaminolta.us\/mx\/","logo":{"@type":"ImageObject","inLanguage":"es","@id":"https:\/\/sensing.konicaminolta.us\/mx\/#\/schema\/logo\/image\/","url":"https:\/\/sensing.konicaminolta.us\/wp-content\/uploads\/kmsa-vertical.png","contentUrl":"https:\/\/sensing.konicaminolta.us\/wp-content\/uploads\/kmsa-vertical.png","width":195,"height":135,"caption":"Konica Minolta Sensing Americas"},"image":{"@id":"https:\/\/sensing.konicaminolta.us\/mx\/#\/schema\/logo\/image\/"},"sameAs":["https:\/\/www.facebook.com\/KonicaMinoltaSensingAmericas","https:\/\/x.com\/KMSensingUS","https:\/\/www.instagram.com\/kmsensingus\/","http:\/\/www.linkedin.com\/company\/531676?trk=tyah","https:\/\/www.pinterest.com\/KMSensingUS\/","http:\/\/www.youtube.com\/KonicaMinoltaSense"]}]}},"_links":{"self":[{"href":"https:\/\/sensing.konicaminolta.us\/mx\/wp-json\/wp\/v2\/blog\/12786","targetHints":{"allow":["GET"]}}],"collection":[{"href":"https:\/\/sensing.konicaminolta.us\/mx\/wp-json\/wp\/v2\/blog"}],"about":[{"href":"https:\/\/sensing.konicaminolta.us\/mx\/wp-json\/wp\/v2\/types\/blog"}],"wp:featuredmedia":[{"embeddable":true,"href":"https:\/\/sensing.konicaminolta.us\/mx\/wp-json\/wp\/v2\/media\/12614"}],"wp:attachment":[{"href":"https:\/\/sensing.konicaminolta.us\/mx\/wp-json\/wp\/v2\/media?parent=12786"}],"wp:term":[{"taxonomy":"learning_center_categories","embeddable":true,"href":"https:\/\/sensing.konicaminolta.us\/mx\/wp-json\/wp\/v2\/learning_center_categories?post=12786"}],"curies":[{"name":"wp","href":"https:\/\/api.w.org\/{rel}","templated":true}]}}