{"id":12798,"date":"2017-11-06T19:02:58","date_gmt":"2017-11-07T00:02:58","guid":{"rendered":"https:\/\/sensing.konicaminolta.us\/blog\/como-puede-la-luz-curar-la-caida-del-cabello\/"},"modified":"2023-11-20T14:46:17","modified_gmt":"2023-11-20T19:46:17","slug":"como-puede-la-luz-curar-la-caida-del-cabello","status":"publish","type":"blog","link":"https:\/\/sensing.konicaminolta.us\/mx\/blog\/como-puede-la-luz-curar-la-caida-del-cabello\/","title":{"rendered":"Como Puede La Luz Curar La Ca\u00edda Del Cabello"},"content":{"rendered":"<p>Desde 1960 los cient\u00edficos han sabido que algunos tipos especiales de luz pueden ayudar a reparar y regenerar el tejido y estimular las c\u00e9lulas. Ellas han sido utilizadas en una variedad de tratamientos m\u00e9dicos, y pronto podr\u00e1n ser utilizadas para el tratamiento de otra condici\u00f3n: la ca\u00edda del cabello. Al realizar investigaciones de base de datos expertas en el tema, usando palabras claves como p\u00e9rdida del cabello y bajos niveles de terapia de luz (LLLT), los cient\u00edficos descubrieron que el LLLT puede ayudar con la alopecia, la palabra cient\u00edfica para la ca\u00edda del cabello.<\/p>\n<p>Afectando a casi el 50% de los hombres, la alopecia androgen\u00e9tica (AGA) es la forma m\u00e1s com\u00fan de p\u00e9rdida del cabello. Ella ocurre debido a factores gen\u00e9ticos, como los niveles de testosterona. Existen s\u00f3lo tres opciones de tratamiento, dos formas de medicaci\u00f3n y un transplante de cabello, pero no siempre son efectivas contra la alopecia androgen\u00e9tica. Es aqu\u00ed cuando se realiza el LLLT. Diferentes l\u00e1seres y tipos de luz han sido tratados con \u00e9xito en los resultados. El FDA aprob\u00f3 un tratamiento para hombres en 2007, el Hairmax Lasercomb\u00ae e inclusive lo aprob\u00f3 para mujeres en el 2011.<\/p>\n<p>Si bien no es completamente claro c\u00f3mo la luz estimula el crecimiento del cabello, los cient\u00edficos creen que el LLLT afecta la mitocondria en las c\u00e9lulas, las cuales pueden alterar el metabolismo y otros procesos de las c\u00e9lulas. Este tratamiento tambi\u00e9n ha resultado positivo en el tratamiento de otras p\u00e9rdidas de cabello causadas por des\u00f3rdenes autoinmunes o la quimioterapia.<\/p>\n<p>Hasta ahora, la mayor\u00eda de los estudios sobre LLLT y crecimiento del cabello se han enfocado en luces con longitudes de ondas que var\u00edan entre 635 a 650nm. Ellos han encontrado que con s\u00f3lo utilizar el l\u00e1ser por algunos minutos cada d\u00eda se puede estimular el crecimiento del pelo. Otros como las longitudes de onda casi infrarrojas de 810nm, podr\u00edan probar ser a\u00fan m\u00e1s efectivas gracias a la habilidad de penetrar a\u00fan m\u00e1s profundo en el tejido, pero todav\u00eda se necesitan m\u00e1s estudios.<\/p>\n<p>Cualquier investigador o doctor esperando realizar el tratamiento necesita asegurar que sus luces est\u00e9n emitiendo longitudes de onda con el nan\u00f3metro correcto. Konica Minolta Sensing puede ayudarlo. Nuestros instrumentos de medici\u00f3n de luz, como\u00a0el Espectrofot\u00f3metro <a href=\"\/mx\/products\/cl-500-illuminance-spectrophotometer\/\">CL-500A,<\/a> pueden medir de 360 a 780nm. Cont\u00e1ctenos hoy y vea como nuestros productos pueden ayudarlo con el LLLT.<\/p>\n","protected":false},"featured_media":11918,"template":"","learning_center_categories":[1782],"class_list":["post-12798","blog","type-blog","status-publish","has-post-thumbnail","hentry","learning_center_categories-light-display-measurement-mx"],"acf":[],"yoast_head":"<!-- This site is optimized with the Yoast SEO Premium plugin v24.4 (Yoast SEO v24.4) - https:\/\/yoast.com\/wordpress\/plugins\/seo\/ -->\r\n<title>Como Puede La Luz Curar La Ca\u00edda Del Cabello - Konica Minolta Sensing<\/title>\r\n<meta name=\"robots\" content=\"index, follow, max-snippet:-1, max-image-preview:large, max-video-preview:-1\" \/>\r\n<link rel=\"canonical\" href=\"https:\/\/sensing.konicaminolta.us\/mx\/blog\/como-puede-la-luz-curar-la-caida-del-cabello\/\" \/>\r\n<meta property=\"og:locale\" content=\"es_MX\" \/>\r\n<meta property=\"og:type\" content=\"article\" \/>\r\n<meta property=\"og:title\" content=\"Como Puede La Luz Curar La Ca\u00edda Del Cabello\" \/>\r\n<meta property=\"og:description\" content=\"Desde 1960 los cient\u00edficos han sabido que algunos tipos especiales de luz pueden ayudar a reparar y regenerar el tejido y estimular las c\u00e9lulas. Ellas han\" \/>\r\n<meta property=\"og:url\" content=\"https:\/\/sensing.konicaminolta.us\/mx\/blog\/como-puede-la-luz-curar-la-caida-del-cabello\/\" \/>\r\n<meta property=\"og:site_name\" content=\"Konica Minolta Sensing\" \/>\r\n<meta property=\"article:publisher\" content=\"https:\/\/www.facebook.com\/KonicaMinoltaSensingAmericas\" \/>\r\n<meta property=\"article:modified_time\" content=\"2023-11-20T19:46:17+00:00\" \/>\r\n<meta property=\"og:image\" content=\"https:\/\/sensing.konicaminolta.us\/wp-content\/uploads\/us-light-cure-baldness-blog.jpg\" \/>\r\n\t<meta property=\"og:image:width\" content=\"400\" \/>\r\n\t<meta property=\"og:image:height\" content=\"267\" \/>\r\n\t<meta property=\"og:image:type\" content=\"image\/jpeg\" \/>\r\n<meta name=\"twitter:card\" content=\"summary_large_image\" \/>\r\n<meta name=\"twitter:site\" content=\"@KMSensingUS\" \/>\r\n<meta name=\"twitter:label1\" content=\"Tiempo de lectura\" \/>\n\t<meta name=\"twitter:data1\" content=\"2 minutos\" \/>\r\n<script type=\"application\/ld+json\" class=\"yoast-schema-graph\">{\"@context\":\"https:\/\/schema.org\",\"@graph\":[{\"@type\":\"WebPage\",\"@id\":\"https:\/\/sensing.konicaminolta.us\/mx\/blog\/como-puede-la-luz-curar-la-caida-del-cabello\/\",\"url\":\"https:\/\/sensing.konicaminolta.us\/mx\/blog\/como-puede-la-luz-curar-la-caida-del-cabello\/\",\"name\":\"Como Puede La Luz Curar La Ca\u00edda Del Cabello - Konica Minolta Sensing\",\"isPartOf\":{\"@id\":\"https:\/\/sensing.konicaminolta.us\/mx\/#website\"},\"primaryImageOfPage\":{\"@id\":\"https:\/\/sensing.konicaminolta.us\/mx\/blog\/como-puede-la-luz-curar-la-caida-del-cabello\/#primaryimage\"},\"image\":{\"@id\":\"https:\/\/sensing.konicaminolta.us\/mx\/blog\/como-puede-la-luz-curar-la-caida-del-cabello\/#primaryimage\"},\"thumbnailUrl\":\"https:\/\/sensing.konicaminolta.us\/wp-content\/uploads\/us-light-cure-baldness-blog.jpg\",\"datePublished\":\"2017-11-07T00:02:58+00:00\",\"dateModified\":\"2023-11-20T19:46:17+00:00\",\"breadcrumb\":{\"@id\":\"https:\/\/sensing.konicaminolta.us\/mx\/blog\/como-puede-la-luz-curar-la-caida-del-cabello\/#breadcrumb\"},\"inLanguage\":\"es\",\"potentialAction\":[{\"@type\":\"ReadAction\",\"target\":[\"https:\/\/sensing.konicaminolta.us\/mx\/blog\/como-puede-la-luz-curar-la-caida-del-cabello\/\"]}]},{\"@type\":\"ImageObject\",\"inLanguage\":\"es\",\"@id\":\"https:\/\/sensing.konicaminolta.us\/mx\/blog\/como-puede-la-luz-curar-la-caida-del-cabello\/#primaryimage\",\"url\":\"https:\/\/sensing.konicaminolta.us\/wp-content\/uploads\/us-light-cure-baldness-blog.jpg\",\"contentUrl\":\"https:\/\/sensing.konicaminolta.us\/wp-content\/uploads\/us-light-cure-baldness-blog.jpg\",\"width\":400,\"height\":267,\"caption\":\"Como Puede La Luz Curar La Ca\u00edda Del Cabello\"},{\"@type\":\"BreadcrumbList\",\"@id\":\"https:\/\/sensing.konicaminolta.us\/mx\/blog\/como-puede-la-luz-curar-la-caida-del-cabello\/#breadcrumb\",\"itemListElement\":[{\"@type\":\"ListItem\",\"position\":1,\"name\":\"Home\",\"item\":\"https:\/\/sensing.konicaminolta.us\/mx\/\"},{\"@type\":\"ListItem\",\"position\":2,\"name\":\"Como Puede La Luz Curar La Ca\u00edda Del Cabello\"}]},{\"@type\":\"WebSite\",\"@id\":\"https:\/\/sensing.konicaminolta.us\/mx\/#website\",\"url\":\"https:\/\/sensing.konicaminolta.us\/mx\/\",\"name\":\"Konica Minolta Sensing\",\"description\":\"Color, Light, and LED Measuring Instruments\",\"publisher\":{\"@id\":\"https:\/\/sensing.konicaminolta.us\/mx\/#organization\"},\"potentialAction\":[{\"@type\":\"SearchAction\",\"target\":{\"@type\":\"EntryPoint\",\"urlTemplate\":\"https:\/\/sensing.konicaminolta.us\/mx\/?s={search_term_string}\"},\"query-input\":{\"@type\":\"PropertyValueSpecification\",\"valueRequired\":true,\"valueName\":\"search_term_string\"}}],\"inLanguage\":\"es\"},{\"@type\":\"Organization\",\"@id\":\"https:\/\/sensing.konicaminolta.us\/mx\/#organization\",\"name\":\"Konica Minolta Sensing Americas\",\"url\":\"https:\/\/sensing.konicaminolta.us\/mx\/\",\"logo\":{\"@type\":\"ImageObject\",\"inLanguage\":\"es\",\"@id\":\"https:\/\/sensing.konicaminolta.us\/mx\/#\/schema\/logo\/image\/\",\"url\":\"https:\/\/sensing.konicaminolta.us\/wp-content\/uploads\/kmsa-vertical.png\",\"contentUrl\":\"https:\/\/sensing.konicaminolta.us\/wp-content\/uploads\/kmsa-vertical.png\",\"width\":195,\"height\":135,\"caption\":\"Konica Minolta Sensing Americas\"},\"image\":{\"@id\":\"https:\/\/sensing.konicaminolta.us\/mx\/#\/schema\/logo\/image\/\"},\"sameAs\":[\"https:\/\/www.facebook.com\/KonicaMinoltaSensingAmericas\",\"https:\/\/x.com\/KMSensingUS\",\"https:\/\/www.instagram.com\/kmsensingus\/\",\"http:\/\/www.linkedin.com\/company\/531676?trk=tyah\",\"https:\/\/www.pinterest.com\/KMSensingUS\/\",\"http:\/\/www.youtube.com\/KonicaMinoltaSense\"]}]}<\/script>\r\n<!-- \/ Yoast SEO Premium plugin. -->","yoast_head_json":{"title":"Como Puede La Luz Curar La Ca\u00edda Del Cabello - Konica Minolta Sensing","robots":{"index":"index","follow":"follow","max-snippet":"max-snippet:-1","max-image-preview":"max-image-preview:large","max-video-preview":"max-video-preview:-1"},"canonical":"https:\/\/sensing.konicaminolta.us\/mx\/blog\/como-puede-la-luz-curar-la-caida-del-cabello\/","og_locale":"es_MX","og_type":"article","og_title":"Como Puede La Luz Curar La Ca\u00edda Del Cabello","og_description":"Desde 1960 los cient\u00edficos han sabido que algunos tipos especiales de luz pueden ayudar a reparar y regenerar el tejido y estimular las c\u00e9lulas. Ellas han","og_url":"https:\/\/sensing.konicaminolta.us\/mx\/blog\/como-puede-la-luz-curar-la-caida-del-cabello\/","og_site_name":"Konica Minolta Sensing","article_publisher":"https:\/\/www.facebook.com\/KonicaMinoltaSensingAmericas","article_modified_time":"2023-11-20T19:46:17+00:00","og_image":[{"width":400,"height":267,"url":"https:\/\/sensing.konicaminolta.us\/wp-content\/uploads\/us-light-cure-baldness-blog.jpg","type":"image\/jpeg"}],"twitter_card":"summary_large_image","twitter_site":"@KMSensingUS","twitter_misc":{"Tiempo de lectura":"2 minutos"},"schema":{"@context":"https:\/\/schema.org","@graph":[{"@type":"WebPage","@id":"https:\/\/sensing.konicaminolta.us\/mx\/blog\/como-puede-la-luz-curar-la-caida-del-cabello\/","url":"https:\/\/sensing.konicaminolta.us\/mx\/blog\/como-puede-la-luz-curar-la-caida-del-cabello\/","name":"Como Puede La Luz Curar La Ca\u00edda Del Cabello - Konica Minolta Sensing","isPartOf":{"@id":"https:\/\/sensing.konicaminolta.us\/mx\/#website"},"primaryImageOfPage":{"@id":"https:\/\/sensing.konicaminolta.us\/mx\/blog\/como-puede-la-luz-curar-la-caida-del-cabello\/#primaryimage"},"image":{"@id":"https:\/\/sensing.konicaminolta.us\/mx\/blog\/como-puede-la-luz-curar-la-caida-del-cabello\/#primaryimage"},"thumbnailUrl":"https:\/\/sensing.konicaminolta.us\/wp-content\/uploads\/us-light-cure-baldness-blog.jpg","datePublished":"2017-11-07T00:02:58+00:00","dateModified":"2023-11-20T19:46:17+00:00","breadcrumb":{"@id":"https:\/\/sensing.konicaminolta.us\/mx\/blog\/como-puede-la-luz-curar-la-caida-del-cabello\/#breadcrumb"},"inLanguage":"es","potentialAction":[{"@type":"ReadAction","target":["https:\/\/sensing.konicaminolta.us\/mx\/blog\/como-puede-la-luz-curar-la-caida-del-cabello\/"]}]},{"@type":"ImageObject","inLanguage":"es","@id":"https:\/\/sensing.konicaminolta.us\/mx\/blog\/como-puede-la-luz-curar-la-caida-del-cabello\/#primaryimage","url":"https:\/\/sensing.konicaminolta.us\/wp-content\/uploads\/us-light-cure-baldness-blog.jpg","contentUrl":"https:\/\/sensing.konicaminolta.us\/wp-content\/uploads\/us-light-cure-baldness-blog.jpg","width":400,"height":267,"caption":"Como Puede La Luz Curar La Ca\u00edda Del Cabello"},{"@type":"BreadcrumbList","@id":"https:\/\/sensing.konicaminolta.us\/mx\/blog\/como-puede-la-luz-curar-la-caida-del-cabello\/#breadcrumb","itemListElement":[{"@type":"ListItem","position":1,"name":"Home","item":"https:\/\/sensing.konicaminolta.us\/mx\/"},{"@type":"ListItem","position":2,"name":"Como Puede La Luz Curar La Ca\u00edda Del Cabello"}]},{"@type":"WebSite","@id":"https:\/\/sensing.konicaminolta.us\/mx\/#website","url":"https:\/\/sensing.konicaminolta.us\/mx\/","name":"Konica Minolta Sensing","description":"Color, Light, and LED Measuring Instruments","publisher":{"@id":"https:\/\/sensing.konicaminolta.us\/mx\/#organization"},"potentialAction":[{"@type":"SearchAction","target":{"@type":"EntryPoint","urlTemplate":"https:\/\/sensing.konicaminolta.us\/mx\/?s={search_term_string}"},"query-input":{"@type":"PropertyValueSpecification","valueRequired":true,"valueName":"search_term_string"}}],"inLanguage":"es"},{"@type":"Organization","@id":"https:\/\/sensing.konicaminolta.us\/mx\/#organization","name":"Konica Minolta Sensing Americas","url":"https:\/\/sensing.konicaminolta.us\/mx\/","logo":{"@type":"ImageObject","inLanguage":"es","@id":"https:\/\/sensing.konicaminolta.us\/mx\/#\/schema\/logo\/image\/","url":"https:\/\/sensing.konicaminolta.us\/wp-content\/uploads\/kmsa-vertical.png","contentUrl":"https:\/\/sensing.konicaminolta.us\/wp-content\/uploads\/kmsa-vertical.png","width":195,"height":135,"caption":"Konica Minolta Sensing Americas"},"image":{"@id":"https:\/\/sensing.konicaminolta.us\/mx\/#\/schema\/logo\/image\/"},"sameAs":["https:\/\/www.facebook.com\/KonicaMinoltaSensingAmericas","https:\/\/x.com\/KMSensingUS","https:\/\/www.instagram.com\/kmsensingus\/","http:\/\/www.linkedin.com\/company\/531676?trk=tyah","https:\/\/www.pinterest.com\/KMSensingUS\/","http:\/\/www.youtube.com\/KonicaMinoltaSense"]}]}},"_links":{"self":[{"href":"https:\/\/sensing.konicaminolta.us\/mx\/wp-json\/wp\/v2\/blog\/12798","targetHints":{"allow":["GET"]}}],"collection":[{"href":"https:\/\/sensing.konicaminolta.us\/mx\/wp-json\/wp\/v2\/blog"}],"about":[{"href":"https:\/\/sensing.konicaminolta.us\/mx\/wp-json\/wp\/v2\/types\/blog"}],"wp:featuredmedia":[{"embeddable":true,"href":"https:\/\/sensing.konicaminolta.us\/mx\/wp-json\/wp\/v2\/media\/11918"}],"wp:attachment":[{"href":"https:\/\/sensing.konicaminolta.us\/mx\/wp-json\/wp\/v2\/media?parent=12798"}],"wp:term":[{"taxonomy":"learning_center_categories","embeddable":true,"href":"https:\/\/sensing.konicaminolta.us\/mx\/wp-json\/wp\/v2\/learning_center_categories?post=12798"}],"curies":[{"name":"wp","href":"https:\/\/api.w.org\/{rel}","templated":true}]}}