{"id":12855,"date":"2017-08-02T17:50:30","date_gmt":"2017-08-02T21:50:30","guid":{"rendered":"https:\/\/sensing.konicaminolta.us\/blog\/la-posible-historia-del-color\/"},"modified":"2020-03-23T23:44:06","modified_gmt":"2020-03-24T03:44:06","slug":"la-posible-historia-del-color","status":"publish","type":"blog","link":"https:\/\/sensing.konicaminolta.us\/mx\/blog\/la-posible-historia-del-color\/","title":{"rendered":"La Posible Historia Del Color"},"content":{"rendered":"<p>La visi\u00f3n del color humano trabaja utilizando tres prote\u00ednas diferentes sensibles a la luz para percibir las longitudes de onda de luz, llamada visi\u00f3n tricrom\u00e1tica. La mayor\u00eda de los primates, sin embargo, s\u00f3lo poseen visi\u00f3n dicrom\u00e1tica, lo que significa que no pueden detectar la diferencia entre el rojo y el verde. \u00bfQu\u00e9 fue lo que llev\u00f3 a nuestra especie a tener visi\u00f3n tricrom\u00e1tica? Los monos Howler nos pueden ayudar a descubrir nuestra evoluci\u00f3n.<\/p>\n<p><a href=\"https:\/\/www.sciencenews.org\/article\/howler-monkeys-may-owe-their-color-vision-leaf-hue?mode=topic&amp;context=76\" target=\"_blank\" rel=\"noopener noreferrer\">Investigadores de la Universidad de Calgary<\/a> publicaron recientemente un art\u00edculo donde se teoriza el por qu\u00e9 ciertas especies de primates desarrollaron la visi\u00f3n del color. Dentro de las razones presentadas en <a href=\"https:\/\/aaas.confex.com\/aaas\/2017\/webprogram\/Paper18938.html\" target=\"_blank\" rel=\"noopener noreferrer\">su an\u00e1lisis<\/a>, se se\u00f1ala que los monos Howler desarrollaron la visi\u00f3n tricrom\u00e1tica para poder encontrar m\u00e1s f\u00e1cilmente nutrientes y alimentos.<\/p>\n<p>Su visi\u00f3n del color se contrasta a la mayor\u00eda de otros monos de Am\u00e9rica Central y del Sur. Las habilidades de color de los primates pueden variar enormemente, a\u00fan dentro de una misma especie. La raz\u00f3n principal para estas diferencias de color podr\u00eda ser la dieta. Mientras que otros monos se alimentan de insectos, los monos Howler comen principalmente de frutas y hojas. En ciertos \u00e1rboles, como el Ficus de Costa Rica, las hojas nuevas ofrecen m\u00e1s nutrientes y los monos las prefieren. Ellas dejan una tonalidad rojiza, y para poder diferenciarlas del resto, los monos Howler desarrollaron la visi\u00f3n tricrom\u00e1tica.<\/p>\n<p>Un proceso similar puede haber ocurrido en Asia y \u00c1frica, donde los primates tienden a comer m\u00e1s hojas que insectos. Pero es importante resaltar que la falta de color tiene sus propias ventajas. Por ejemplo, cuando se trata de cazar insectos camuflados, el color puede impedir a los predadores, dado que \u00e9ste permite a los insectos camuflarse con el entorno. Los monos que no pueden percibir el color tienen mayor facilidad para percibir las formas y pueden distinguir los camuflajes en las diferentes cortezas o entornos.<\/p>\n<p>Por ello, es posible que nuestra visi\u00f3n tricrom\u00e1tica haya evolucionado ya que era fundamental en la b\u00fasqueda de alimentos. Pero nuestra visi\u00f3n no es perfecta, ni siquiera para la comida ni las sutiles diferencias en los colorantes de alimentos. Konica Minolta Sensing ofrece una gran variedad de instrumentos para la medici\u00f3n del color para la industria alimenticia, como los Medidores de Color <a href=\"\/mx\/products\/cr-400-410-chroma-meter-difference-with-colorimeter\/\">CR-400<\/a> y <a href=\"\/mx\/products\/cr-410-chroma-meter-difference-with-colorimeter\/\">CR-410<\/a>. Cont\u00e1ctenos hoy para aprender c\u00f3mo podemos ayudarlo a alcanzar la calidad del color deseado.<\/p>\n","protected":false},"featured_media":11984,"template":"","learning_center_categories":[1774],"class_list":["post-12855","blog","type-blog","status-publish","has-post-thumbnail","hentry","learning_center_categories-color-appearance-measurement-mx"],"acf":[],"yoast_head":"<!-- This site is optimized with the Yoast SEO Premium plugin v24.4 (Yoast SEO v24.4) - https:\/\/yoast.com\/wordpress\/plugins\/seo\/ -->\r\n<title>La Posible Historia Del Color - Konica Minolta Sensing<\/title>\r\n<meta name=\"robots\" content=\"index, follow, max-snippet:-1, max-image-preview:large, max-video-preview:-1\" \/>\r\n<link rel=\"canonical\" href=\"https:\/\/sensing.konicaminolta.us\/mx\/blog\/la-posible-historia-del-color\/\" \/>\r\n<meta property=\"og:locale\" content=\"es_MX\" \/>\r\n<meta property=\"og:type\" content=\"article\" \/>\r\n<meta property=\"og:title\" content=\"La Posible Historia Del Color\" \/>\r\n<meta property=\"og:description\" content=\"La visi\u00f3n del color humano trabaja utilizando tres prote\u00ednas diferentes sensibles a la luz para percibir las longitudes de onda de luz, llamada visi\u00f3n\" \/>\r\n<meta property=\"og:url\" content=\"https:\/\/sensing.konicaminolta.us\/mx\/blog\/la-posible-historia-del-color\/\" \/>\r\n<meta property=\"og:site_name\" content=\"Konica Minolta Sensing\" \/>\r\n<meta property=\"article:publisher\" content=\"https:\/\/www.facebook.com\/KonicaMinoltaSensingAmericas\" \/>\r\n<meta property=\"article:modified_time\" content=\"2020-03-24T03:44:06+00:00\" \/>\r\n<meta property=\"og:image\" content=\"https:\/\/sensing.konicaminolta.us\/wp-content\/uploads\/us-color-vision-history-blog.jpg\" \/>\r\n\t<meta property=\"og:image:width\" content=\"400\" \/>\r\n\t<meta property=\"og:image:height\" content=\"267\" \/>\r\n\t<meta property=\"og:image:type\" content=\"image\/jpeg\" \/>\r\n<meta name=\"twitter:card\" content=\"summary_large_image\" \/>\r\n<meta name=\"twitter:site\" content=\"@KMSensingUS\" \/>\r\n<meta name=\"twitter:label1\" content=\"Tiempo de lectura\" \/>\n\t<meta name=\"twitter:data1\" content=\"2 minutos\" \/>\r\n<script type=\"application\/ld+json\" class=\"yoast-schema-graph\">{\"@context\":\"https:\/\/schema.org\",\"@graph\":[{\"@type\":\"WebPage\",\"@id\":\"https:\/\/sensing.konicaminolta.us\/mx\/blog\/la-posible-historia-del-color\/\",\"url\":\"https:\/\/sensing.konicaminolta.us\/mx\/blog\/la-posible-historia-del-color\/\",\"name\":\"La Posible Historia Del Color - Konica Minolta Sensing\",\"isPartOf\":{\"@id\":\"https:\/\/sensing.konicaminolta.us\/mx\/#website\"},\"primaryImageOfPage\":{\"@id\":\"https:\/\/sensing.konicaminolta.us\/mx\/blog\/la-posible-historia-del-color\/#primaryimage\"},\"image\":{\"@id\":\"https:\/\/sensing.konicaminolta.us\/mx\/blog\/la-posible-historia-del-color\/#primaryimage\"},\"thumbnailUrl\":\"https:\/\/sensing.konicaminolta.us\/wp-content\/uploads\/us-color-vision-history-blog.jpg\",\"datePublished\":\"2017-08-02T21:50:30+00:00\",\"dateModified\":\"2020-03-24T03:44:06+00:00\",\"breadcrumb\":{\"@id\":\"https:\/\/sensing.konicaminolta.us\/mx\/blog\/la-posible-historia-del-color\/#breadcrumb\"},\"inLanguage\":\"es\",\"potentialAction\":[{\"@type\":\"ReadAction\",\"target\":[\"https:\/\/sensing.konicaminolta.us\/mx\/blog\/la-posible-historia-del-color\/\"]}]},{\"@type\":\"ImageObject\",\"inLanguage\":\"es\",\"@id\":\"https:\/\/sensing.konicaminolta.us\/mx\/blog\/la-posible-historia-del-color\/#primaryimage\",\"url\":\"https:\/\/sensing.konicaminolta.us\/wp-content\/uploads\/us-color-vision-history-blog.jpg\",\"contentUrl\":\"https:\/\/sensing.konicaminolta.us\/wp-content\/uploads\/us-color-vision-history-blog.jpg\",\"width\":400,\"height\":267,\"caption\":\"La Posible Historia Del Color\"},{\"@type\":\"BreadcrumbList\",\"@id\":\"https:\/\/sensing.konicaminolta.us\/mx\/blog\/la-posible-historia-del-color\/#breadcrumb\",\"itemListElement\":[{\"@type\":\"ListItem\",\"position\":1,\"name\":\"Home\",\"item\":\"https:\/\/sensing.konicaminolta.us\/mx\/\"},{\"@type\":\"ListItem\",\"position\":2,\"name\":\"La Posible Historia Del Color\"}]},{\"@type\":\"WebSite\",\"@id\":\"https:\/\/sensing.konicaminolta.us\/mx\/#website\",\"url\":\"https:\/\/sensing.konicaminolta.us\/mx\/\",\"name\":\"Konica Minolta Sensing\",\"description\":\"Color, Light, and LED Measuring Instruments\",\"publisher\":{\"@id\":\"https:\/\/sensing.konicaminolta.us\/mx\/#organization\"},\"potentialAction\":[{\"@type\":\"SearchAction\",\"target\":{\"@type\":\"EntryPoint\",\"urlTemplate\":\"https:\/\/sensing.konicaminolta.us\/mx\/?s={search_term_string}\"},\"query-input\":{\"@type\":\"PropertyValueSpecification\",\"valueRequired\":true,\"valueName\":\"search_term_string\"}}],\"inLanguage\":\"es\"},{\"@type\":\"Organization\",\"@id\":\"https:\/\/sensing.konicaminolta.us\/mx\/#organization\",\"name\":\"Konica Minolta Sensing Americas\",\"url\":\"https:\/\/sensing.konicaminolta.us\/mx\/\",\"logo\":{\"@type\":\"ImageObject\",\"inLanguage\":\"es\",\"@id\":\"https:\/\/sensing.konicaminolta.us\/mx\/#\/schema\/logo\/image\/\",\"url\":\"https:\/\/sensing.konicaminolta.us\/wp-content\/uploads\/kmsa-vertical.png\",\"contentUrl\":\"https:\/\/sensing.konicaminolta.us\/wp-content\/uploads\/kmsa-vertical.png\",\"width\":195,\"height\":135,\"caption\":\"Konica Minolta Sensing Americas\"},\"image\":{\"@id\":\"https:\/\/sensing.konicaminolta.us\/mx\/#\/schema\/logo\/image\/\"},\"sameAs\":[\"https:\/\/www.facebook.com\/KonicaMinoltaSensingAmericas\",\"https:\/\/x.com\/KMSensingUS\",\"https:\/\/www.instagram.com\/kmsensingus\/\",\"http:\/\/www.linkedin.com\/company\/531676?trk=tyah\",\"https:\/\/www.pinterest.com\/KMSensingUS\/\",\"http:\/\/www.youtube.com\/KonicaMinoltaSense\"]}]}<\/script>\r\n<!-- \/ Yoast SEO Premium plugin. -->","yoast_head_json":{"title":"La Posible Historia Del Color - Konica Minolta Sensing","robots":{"index":"index","follow":"follow","max-snippet":"max-snippet:-1","max-image-preview":"max-image-preview:large","max-video-preview":"max-video-preview:-1"},"canonical":"https:\/\/sensing.konicaminolta.us\/mx\/blog\/la-posible-historia-del-color\/","og_locale":"es_MX","og_type":"article","og_title":"La Posible Historia Del Color","og_description":"La visi\u00f3n del color humano trabaja utilizando tres prote\u00ednas diferentes sensibles a la luz para percibir las longitudes de onda de luz, llamada visi\u00f3n","og_url":"https:\/\/sensing.konicaminolta.us\/mx\/blog\/la-posible-historia-del-color\/","og_site_name":"Konica Minolta Sensing","article_publisher":"https:\/\/www.facebook.com\/KonicaMinoltaSensingAmericas","article_modified_time":"2020-03-24T03:44:06+00:00","og_image":[{"width":400,"height":267,"url":"https:\/\/sensing.konicaminolta.us\/wp-content\/uploads\/us-color-vision-history-blog.jpg","type":"image\/jpeg"}],"twitter_card":"summary_large_image","twitter_site":"@KMSensingUS","twitter_misc":{"Tiempo de lectura":"2 minutos"},"schema":{"@context":"https:\/\/schema.org","@graph":[{"@type":"WebPage","@id":"https:\/\/sensing.konicaminolta.us\/mx\/blog\/la-posible-historia-del-color\/","url":"https:\/\/sensing.konicaminolta.us\/mx\/blog\/la-posible-historia-del-color\/","name":"La Posible Historia Del Color - Konica Minolta Sensing","isPartOf":{"@id":"https:\/\/sensing.konicaminolta.us\/mx\/#website"},"primaryImageOfPage":{"@id":"https:\/\/sensing.konicaminolta.us\/mx\/blog\/la-posible-historia-del-color\/#primaryimage"},"image":{"@id":"https:\/\/sensing.konicaminolta.us\/mx\/blog\/la-posible-historia-del-color\/#primaryimage"},"thumbnailUrl":"https:\/\/sensing.konicaminolta.us\/wp-content\/uploads\/us-color-vision-history-blog.jpg","datePublished":"2017-08-02T21:50:30+00:00","dateModified":"2020-03-24T03:44:06+00:00","breadcrumb":{"@id":"https:\/\/sensing.konicaminolta.us\/mx\/blog\/la-posible-historia-del-color\/#breadcrumb"},"inLanguage":"es","potentialAction":[{"@type":"ReadAction","target":["https:\/\/sensing.konicaminolta.us\/mx\/blog\/la-posible-historia-del-color\/"]}]},{"@type":"ImageObject","inLanguage":"es","@id":"https:\/\/sensing.konicaminolta.us\/mx\/blog\/la-posible-historia-del-color\/#primaryimage","url":"https:\/\/sensing.konicaminolta.us\/wp-content\/uploads\/us-color-vision-history-blog.jpg","contentUrl":"https:\/\/sensing.konicaminolta.us\/wp-content\/uploads\/us-color-vision-history-blog.jpg","width":400,"height":267,"caption":"La Posible Historia Del Color"},{"@type":"BreadcrumbList","@id":"https:\/\/sensing.konicaminolta.us\/mx\/blog\/la-posible-historia-del-color\/#breadcrumb","itemListElement":[{"@type":"ListItem","position":1,"name":"Home","item":"https:\/\/sensing.konicaminolta.us\/mx\/"},{"@type":"ListItem","position":2,"name":"La Posible Historia Del Color"}]},{"@type":"WebSite","@id":"https:\/\/sensing.konicaminolta.us\/mx\/#website","url":"https:\/\/sensing.konicaminolta.us\/mx\/","name":"Konica Minolta Sensing","description":"Color, Light, and LED Measuring Instruments","publisher":{"@id":"https:\/\/sensing.konicaminolta.us\/mx\/#organization"},"potentialAction":[{"@type":"SearchAction","target":{"@type":"EntryPoint","urlTemplate":"https:\/\/sensing.konicaminolta.us\/mx\/?s={search_term_string}"},"query-input":{"@type":"PropertyValueSpecification","valueRequired":true,"valueName":"search_term_string"}}],"inLanguage":"es"},{"@type":"Organization","@id":"https:\/\/sensing.konicaminolta.us\/mx\/#organization","name":"Konica Minolta Sensing Americas","url":"https:\/\/sensing.konicaminolta.us\/mx\/","logo":{"@type":"ImageObject","inLanguage":"es","@id":"https:\/\/sensing.konicaminolta.us\/mx\/#\/schema\/logo\/image\/","url":"https:\/\/sensing.konicaminolta.us\/wp-content\/uploads\/kmsa-vertical.png","contentUrl":"https:\/\/sensing.konicaminolta.us\/wp-content\/uploads\/kmsa-vertical.png","width":195,"height":135,"caption":"Konica Minolta Sensing Americas"},"image":{"@id":"https:\/\/sensing.konicaminolta.us\/mx\/#\/schema\/logo\/image\/"},"sameAs":["https:\/\/www.facebook.com\/KonicaMinoltaSensingAmericas","https:\/\/x.com\/KMSensingUS","https:\/\/www.instagram.com\/kmsensingus\/","http:\/\/www.linkedin.com\/company\/531676?trk=tyah","https:\/\/www.pinterest.com\/KMSensingUS\/","http:\/\/www.youtube.com\/KonicaMinoltaSense"]}]}},"_links":{"self":[{"href":"https:\/\/sensing.konicaminolta.us\/mx\/wp-json\/wp\/v2\/blog\/12855","targetHints":{"allow":["GET"]}}],"collection":[{"href":"https:\/\/sensing.konicaminolta.us\/mx\/wp-json\/wp\/v2\/blog"}],"about":[{"href":"https:\/\/sensing.konicaminolta.us\/mx\/wp-json\/wp\/v2\/types\/blog"}],"wp:featuredmedia":[{"embeddable":true,"href":"https:\/\/sensing.konicaminolta.us\/mx\/wp-json\/wp\/v2\/media\/11984"}],"wp:attachment":[{"href":"https:\/\/sensing.konicaminolta.us\/mx\/wp-json\/wp\/v2\/media?parent=12855"}],"wp:term":[{"taxonomy":"learning_center_categories","embeddable":true,"href":"https:\/\/sensing.konicaminolta.us\/mx\/wp-json\/wp\/v2\/learning_center_categories?post=12855"}],"curies":[{"name":"wp","href":"https:\/\/api.w.org\/{rel}","templated":true}]}}